{"id":1772,"date":"2013-04-17T17:31:01","date_gmt":"2013-04-17T17:31:01","guid":{"rendered":"http:\/\/xosecounhago.com\/?p=1772"},"modified":"2024-05-25T19:12:54","modified_gmt":"2024-05-25T19:12:54","slug":"o-castrino-coia","status":"publish","type":"post","link":"https:\/\/xosecounhago.com\/?p=1772","title":{"rendered":"O Castri\u00f1o (Coia)"},"content":{"rendered":"<div>\n<p lang=\"gl-ES\" style=\"text-align: right;\"><a href=\"https:\/\/photos.app.goo.gl\/rLmrfQVPP8Qugvau8\" target=\"_blank\"><strong>Ver galer\u00eda de imaxes<\/strong><\/a><\/p>\n<p lang=\"gl-ES\"><a href=\"https:\/\/lh3.googleusercontent.com\/-nDGIQYS_fy0\/UW6Cf8K65CI\/AAAAAAAARF8\/PiUtvlt4yNQ\/s872\/Maps+1.jpg\"><img decoding=\"async\" loading=\"lazy\" class=\"alignleft\" title=\"castro\" src=\"https:\/\/lh3.googleusercontent.com\/-nDGIQYS_fy0\/UW6Cf8K65CI\/AAAAAAAARF8\/PiUtvlt4yNQ\/s872\/Maps+1.jpg\" alt=\"\" width=\"512\" height=\"523\" \/><\/a><\/p>\n<h3>Localizaci\u00f3n<\/h3>\n<p lang=\"gl-ES\"><strong><a href=\"https:\/\/www.google.com\/maps\/@42.2244342,-8.7441572,140m\/data=!3m1!1e3?authuser=0&amp;entry=ttu\" target=\"_blank\">(Ver en Google Maps)<\/a><\/strong><\/p>\n<p lang=\"gl-ES\">O barrio de Coia def\u00ednese ao redor dunha gran li\u00f1a elevada central que discorre de leste a oeste cunha vertente cara ao sur sobre o val do Fragoso e outra vertente cara ao norte sobre a r\u00eda.<\/p>\n<p lang=\"gl-ES\">Esta vertente mar\u00edtima componse de d\u00faas valgadas (polas que discorren hoxe en d\u00eda as r\u00faas Tom\u00e1s Paredes ao oeste e Coru\u00f1a ao leste) divididas por un promontorio central, denominado o Castro-Castri\u00f1o, por encima da que se co\u00f1ece como curva de san Gregorio.<\/p>\n<p lang=\"gl-ES\">Encol deste promontorio sobre o mar \u00e9 onde se atopaba encravado o Castri\u00f1o, un dos cinco castros galaicos que se asentan ao car\u00f3n do mar no litoral do concello vigu\u00e9s. Estes cinco castros son: <a href=\"http:\/\/xosecounhago.com\/?p=1472\" target=\"_blank\"><em><strong>O Sino<\/strong><\/em><\/a> e <a href=\"http:\/\/xosecounhago.com\/?p=591\" target=\"_blank\"><em><strong>A Gu\u00eda<\/strong><\/em><\/a>, en Teis; este castro do Castri\u00f1o en Coia; <a href=\"http:\/\/xosecounhago.com\/?p=175\" target=\"_blank\"><em><strong>Punta do Mu\u00ed\u00f1o de Vento<\/strong><\/em><\/a>, en Alcabre (baixo o actual Museo do Mar) e o castro da illa de Toralla.<\/p>\n<p lang=\"gl-ES\">Como castro mar\u00edtimo haber\u00eda que po\u00f1elo en relaci\u00f3n cos seus castros veci\u00f1os da beiramar viguesa en canto ao aproveitamento directo dos recursos que lle proporcionaba a r\u00eda. Mais tampouco debemos esquecer que a s\u00faa parte sur \u00e1brese a terras de cultivo e pasto situadas entre as devanditas d\u00faas valgadas que lle proporcionaban auga e terras f\u00e9rtiles.<\/p>\n<p lang=\"gl-ES\"><a href=\"https:\/\/lh4.googleusercontent.com\/-rQl4A1LVIUE\/UWm3K4W3n7I\/AAAAAAAARBo\/nxwxzbCWyXc\/s994\/100_3730.JPG\"><img decoding=\"async\" loading=\"lazy\" class=\"alignright\" title=\"castro\" src=\"https:\/\/lh4.googleusercontent.com\/-rQl4A1LVIUE\/UWm3K4W3n7I\/AAAAAAAARBo\/nxwxzbCWyXc\/s994\/100_3730.JPG\" alt=\"\" width=\"477\" height=\"358\" \/><\/a>Hoxe en d\u00eda toda a \u00e1rea est\u00e1 completamente urbanizada e p\u00f3dese acceder a el tanto dende a curva de san Gregorio, \u00e1 beira do mar, por entre dous altos edificios, coma dende a parte superior do promontorio, atravesando un barrio de casas acaroadas, xunta o Fogar san Rafael.<\/p>\n<h3>Descrici\u00f3n<\/h3>\n<p lang=\"gl-ES\">A s\u00faa planta puido ser probabelmente circular, e a\u00ednda na actualidade se poden apreciar certos trazos na s\u00faa coroa que as\u00ed o parecen verificar.<\/p>\n<p lang=\"gl-ES\">El\u00e9vase a 33 metros sobre o mar.<\/p>\n<p lang=\"gl-ES\">A superficie estimada acheg\u00e1bao a 1 Ha de superficie e ten unhas dimensi\u00f3ns duns 80 x 120 metros.<\/p>\n<p lang=\"gl-ES\">Nunha observaci\u00f3n m\u00e1is detida podemos decatarnos dalgunhas das estruturas naturais defensivas das que dispo\u00f1\u00eda este castro.<\/p>\n<p lang=\"gl-ES\"><a href=\"https:\/\/lh6.googleusercontent.com\/-zHIF_-j1rng\/UWm3RV7bIFI\/AAAAAAAARCk\/Zd6TEfo7GpU\/s994\/100_3739.JPG\"><img decoding=\"async\" loading=\"lazy\" class=\"alignleft\" title=\"castro\" src=\"https:\/\/lh6.googleusercontent.com\/-zHIF_-j1rng\/UWm3RV7bIFI\/AAAAAAAARCk\/Zd6TEfo7GpU\/s994\/100_3739.JPG\" alt=\"\" width=\"477\" height=\"358\" \/><\/a>Todo o que \u00e9 a zona norte e nord\u00e9s pos\u00fae uns pronunciados terrapl\u00e9ns que se elevan m\u00e1is de vinte metros sobre o terreo inferior. Este desnivel defensivo ten forma circular e bordea a coroa do castro.<\/p>\n<p lang=\"gl-ES\">Na vertente oeste foi identificado un foxo, con orientaci\u00f3n norte-sur, duns corenta e cinco metros de longo e uns quince de largo. Este vestixio de foxo est\u00e1 agora mesmo dentro do recinto axardinado do edificio que arrodea o castro por esta parte.<\/p>\n<p lang=\"gl-ES\">Nas escavaci\u00f3ns realizadas atop\u00e1ronse sobre a zona norte da coroa restos de estruturas castrexas, mesmo pola parte traseira das pequenas casas constru\u00eddas na actualidade.<\/p>\n<p lang=\"gl-ES\">As descubertas est\u00e1n formadas por varios pavimentos de xabre e arxila, a car\u00f3n dun muro de cachotar\u00eda que pod\u00eda ter forma circular. Asociado a un dos pavimentos tam\u00e9n apareceu un oco de poste.<\/p>\n<h4>Achados materiais<\/h4>\n<p lang=\"gl-ES\"><a href=\"https:\/\/lh6.googleusercontent.com\/-a5L4EkKEMT0\/UWm27H_oAzI\/AAAAAAAARGE\/1qj2k2t9gsE\/s994\/100_3717.JPG\"><img decoding=\"async\" loading=\"lazy\" class=\"alignright\" title=\"castro\" src=\"https:\/\/lh6.googleusercontent.com\/-a5L4EkKEMT0\/UWm27H_oAzI\/AAAAAAAARGE\/1qj2k2t9gsE\/s994\/100_3717.JPG\" alt=\"\" width=\"477\" height=\"358\" \/><\/a>Atop\u00e1ronse numerosos fragmentos de cer\u00e1mica castrexa de diferente tipolox\u00eda, con decoraci\u00f3ns variadas.<\/p>\n<p lang=\"gl-ES\">Tam\u00e9n apareceron restos cer\u00e1micos for\u00e1neos representados fundamentalmente por \u00e1nforas p\u00fanicas e romanas e unha doa de cor azul.<\/p>\n<p lang=\"gl-ES\">Todos estes achados localizan temporalmente o castro entre os s\u00e9culos IV e II antes da nosa era.<\/p>\n<h3>Estado de conservaci\u00f3n<\/h3>\n<p lang=\"gl-ES\">Todo o recinto castrexo est\u00e1 hoxe en d\u00eda completamente estragado e alterado debido \u00e1 invasi\u00f3n da cidade sobre este asentamento.<\/p>\n<p lang=\"gl-ES\">Edific\u00e1ronse casas sobre a propia coroa, as\u00ed como un parque con zonas axardinadas, constru\u00edronse edificios ao arredor do castro por debaixo dos terrapl\u00e9ns e o foxo foi empregado como entrada de acceso a un dos edificios e os seus garaxes.<\/p>\n<h3>Valoraci\u00f3n final<\/h3>\n<p lang=\"gl-ES\"><a href=\"https:\/\/lh5.googleusercontent.com\/-6LxViUBotps\/UWm29y8cgiI\/AAAAAAAARAk\/qS8LYiX6NV4\/s646\/100_3721.JPG\"><img decoding=\"async\" loading=\"lazy\" class=\"alignleft\" title=\"castro\" src=\"https:\/\/lh5.googleusercontent.com\/-6LxViUBotps\/UWm29y8cgiI\/AAAAAAAARAk\/qS8LYiX6NV4\/s646\/100_3721.JPG\" alt=\"\" width=\"403\" height=\"302\" \/><\/a>Non deixa de ser unha interesante curiosidade a existencia dun castro galaico, a\u00ednda reco\u00f1ec\u00edbel nos seus trazos, no medio dunha grande urbanizaci\u00f3n de elevados edificios bastante modernos e coa s\u00faa coroa ocupada por un asentamento de pequenas vivendas unifamiliares na zona correspondente ao recinto castrexo primitivo orixinal.<\/p>\n<p lang=\"gl-ES\">Os cinco grandes edificios existentes apegados ao promontorio castrexo rodean unha gran parte do seu per\u00edmetro circular, debuxando e acentuando a contorna castrexa.<\/p>\n<p lang=\"gl-ES\">O dominio visual sobre o mar deste promontorio galaico foi cegado e substitu\u00eddo polas vistas que proporcionan na actualidade os pisos m\u00e1is elevados destas torres de vivendas.<\/p>\n<p lang=\"gl-ES\">Deste xeito este miradoiro prehist\u00f3rico sobre a r\u00eda foi fagocitado entre as fauces da modernidade a teor dun planeamento urban\u00edstico que non respectou nin o \u00e1mbito de protecci\u00f3n do recinto castrexo orixinal, nin a disposici\u00f3n paisax\u00edstica deste espazo humano habitado durante a Idade do Ferro galaica.<\/p>\n<h3><a href=\"https:\/\/lh4.googleusercontent.com\/-v_4OXx2hIYY\/UWm2xfbpu4I\/AAAAAAAAQ-8\/sWjAnTvHbEI\/s646\/100_3702.JPG\"><img decoding=\"async\" loading=\"lazy\" class=\"alignright\" title=\"castro\" src=\"https:\/\/lh4.googleusercontent.com\/-v_4OXx2hIYY\/UWm2xfbpu4I\/AAAAAAAAQ-8\/sWjAnTvHbEI\/s646\/100_3702.JPG\" alt=\"\" width=\"427\" height=\"319\" \/><\/a>M\u00e1is informaci\u00f3n<\/h3>\n<p lang=\"gl-ES\"><strong><em><a href=\"https:\/\/www.google.com\/maps\/@42.2244342,-8.7441572,140m\/data=!3m1!1e3?authuser=0&amp;entry=ttu\" target=\"_blank\">Galer\u00eda de imaxes<\/a><\/em><\/strong><\/p>\n<p lang=\"gl-ES\">Eduardo Rodr\u00edguez Saiz, <em>As lembranzas soterradas. Unha lectura arqueol\u00f3xica da Coia hist\u00f3rica<\/em>, 2012, Instituto de Estudios Vigueses.<\/p>\n<p lang=\"gl-ES\">Jos\u00e9 Manuel Hidalgo Cu\u00f1arro, \u201c<a href=\"http:\/\/arqueovigo.blogspot.com.es\/2008\/07\/notas-sobre-los-castros-de-vigo-iii.html\" target=\"_blank\">Notas sobre los castros de Vigo (III)<\/a>\u201d, en <em><a href=\"http:\/\/arqueovigo.blogspot.com.es\/\" target=\"_blank\">Arqueovigo<\/a><\/em><\/p>\n<p lang=\"gl-ES\">Jos\u00e9 Manuel Hidalgo Cu\u00f1arro, \u201c<a href=\"http:\/\/arqueovigo.blogspot.com.es\/2008\/07\/notas-sobre-los-castros-de-vigo-v.html\" target=\"_blank\">Notas sobre los castros de Vigo (V)<\/a>\u201d, en <em><a href=\"http:\/\/arqueovigo.blogspot.com.es\/\" target=\"_blank\">Arqueovigo<\/a><\/em><\/p>\n<p lang=\"gl-ES\">Concello de Vigo, <a href=\"https:\/\/xmu.vigo.org\/docs\/pxom\/Memorias\/Tomo-VI\/Fichas\/CATALOGO.htm\" target=\"_blank\">PXOM, Tomo VI<\/a>.<\/p>\n<p lang=\"gl-ES\"><em><strong><a href=\"http:\/\/gl.wikiloc.com\/wikiloc\/view.do?id=157327\" target=\"_blank\">Ruta dos castros de Vigo<\/a><\/strong><\/em><\/p>\n<\/div>\n","protected":false},"excerpt":{"rendered":"<p>Ver galer\u00eda de imaxes Localizaci\u00f3n (Ver en Google Maps) O barrio de Coia def\u00ednese ao redor dunha gran li\u00f1a elevada central que discorre de leste a oeste cunha vertente cara ao sur sobre o val do Fragoso e outra vertente cara ao norte sobre a r\u00eda. Esta vertente mar\u00edtima componse de d\u00faas valgadas (polas que [&hellip;]<\/p>\n","protected":false},"author":3,"featured_media":0,"comment_status":"closed","ping_status":"closed","sticky":false,"template":"","format":"standard","meta":[],"categories":[4,47],"tags":[],"_links":{"self":[{"href":"https:\/\/xosecounhago.com\/index.php?rest_route=\/wp\/v2\/posts\/1772"}],"collection":[{"href":"https:\/\/xosecounhago.com\/index.php?rest_route=\/wp\/v2\/posts"}],"about":[{"href":"https:\/\/xosecounhago.com\/index.php?rest_route=\/wp\/v2\/types\/post"}],"author":[{"embeddable":true,"href":"https:\/\/xosecounhago.com\/index.php?rest_route=\/wp\/v2\/users\/3"}],"replies":[{"embeddable":true,"href":"https:\/\/xosecounhago.com\/index.php?rest_route=%2Fwp%2Fv2%2Fcomments&post=1772"}],"version-history":[{"count":21,"href":"https:\/\/xosecounhago.com\/index.php?rest_route=\/wp\/v2\/posts\/1772\/revisions"}],"predecessor-version":[{"id":2275,"href":"https:\/\/xosecounhago.com\/index.php?rest_route=\/wp\/v2\/posts\/1772\/revisions\/2275"}],"wp:attachment":[{"href":"https:\/\/xosecounhago.com\/index.php?rest_route=%2Fwp%2Fv2%2Fmedia&parent=1772"}],"wp:term":[{"taxonomy":"category","embeddable":true,"href":"https:\/\/xosecounhago.com\/index.php?rest_route=%2Fwp%2Fv2%2Fcategories&post=1772"},{"taxonomy":"post_tag","embeddable":true,"href":"https:\/\/xosecounhago.com\/index.php?rest_route=%2Fwp%2Fv2%2Ftags&post=1772"}],"curies":[{"name":"wp","href":"https:\/\/api.w.org\/{rel}","templated":true}]}}