{"id":624,"date":"2011-09-17T14:21:12","date_gmt":"2011-09-17T14:21:12","guid":{"rendered":"http:\/\/xosecounhago.com\/?p=624"},"modified":"2022-09-13T09:16:05","modified_gmt":"2022-09-13T09:16:05","slug":"petroglifos-do-carballoso-v-monte-pequeno-oia","status":"publish","type":"post","link":"http:\/\/xosecounhago.com\/?p=624","title":{"rendered":"Petr\u00f3glifos do Carballoso V. Monte Pequeno (Oia)"},"content":{"rendered":"<p style=\"margin-bottom: 0;\"><a href=\"http:\/\/lh6.ggpht.com\/_trSM3372sK4\/SKsmU_CzgsI\/AAAAAAAADR0\/c52I0miWPKs\/s512\/148.JPG\"><img decoding=\"async\" loading=\"lazy\" class=\"alignleft\" style=\"margin-left: 20px; margin-right: 20px;\" src=\"http:\/\/lh6.ggpht.com\/_trSM3372sK4\/SKsmU_CzgsI\/AAAAAAAADR0\/c52I0miWPKs\/s512\/148.JPG\" alt=\"\" width=\"400\" height=\"300\" \/><\/a><a href=\"http:\/\/www.google.es\/maps\/ms?ie=UTF8&amp;hl=gl&amp;msa=0&amp;msid=113862608953642749447.0004469c9d6b6dc27059b&amp;ll=42.178973,-8.790597&amp;spn=0.003665,0.009656&amp;t=h&amp;z=17&amp;iwloc=00045f865e0a8bdeec551\" target=\"_blank\"><span style=\"font-size: large;\"><strong>Localizaci\u00f3n<\/strong><\/span><\/a><\/p>\n<p>Este conxunto de gravados est\u00e1n situados no Monte Pequeno. O acceso \u00e9 moi dif\u00edcil xa que non hai puntos de referencia concretos que nos permitan orientarnos. Enc\u00f3ntrase a uns 200 metros ao noroeste do <span style=\"color: #000000;\">Carballoso IV<\/span>, baixando polo mesmo cami\u00f1o ata chegar preto das primeiras casas.<\/p>\n<p>Forma parte do conxunto de cinco estaci\u00f3ns de gravados rupestres denominados<span style=\"color: #000000;\"> petr\u00f3glifos do Carballoso<\/span>.<\/p>\n<h3 lang=\"gl-ES\" style=\"margin-top: .42cm;\"><span style=\"font-size: large;\"><strong>Descrici\u00f3n<\/strong><\/span><\/h3>\n<p>Un conxunto moi interesante, a\u00ednda que bastante estragado, situado sobre unha rocha fraccionada en tres partes, de 2,5 x 3,5 metros.<\/p>\n<p lang=\"gl-ES\">En cada unha das tres partes existen gravados de diferentes motivos.<a href=\"http:\/\/lh5.ggpht.com\/_trSM3372sK4\/SKsl2JohbpI\/AAAAAAAADQk\/jWtplya9jAI\/s512\/137.JPG\"><img decoding=\"async\" loading=\"lazy\" class=\"alignright\" style=\"margin: 10px;\" src=\"http:\/\/lh5.ggpht.com\/_trSM3372sK4\/SKsl2JohbpI\/AAAAAAAADQk\/jWtplya9jAI\/s512\/137.JPG\" alt=\"\" width=\"400\" height=\"300\" \/><\/a><\/p>\n<p><strong>Zona 1<\/strong>: combinaci\u00f3n de 4 c\u00edrculos conc\u00e9ntricos incompletos, con covi\u00f1a central e suco de sa\u00edda. A fractura da pedra interrompe a continuidade dos sucos circulares. Asociados ao c\u00edrculo exterior hai un conxunto de cinco covi\u00f1as encerradas por sucos. A 50 cm desta figura podemos ver unha pequena cazoleta.<\/p>\n<p><strong>Zona 2<\/strong>: interesante conxunto de catro naviculares asociados a sucos e numerosas covi\u00f1as e cazoletas.<\/p>\n<p><strong>Naviculares<\/strong>: os catro mante\u00f1en a t\u00edpica forma de rebaixe central con cadanseu rebaixe menor nos extremos. O conxunto presenta unha lixeira orientaci\u00f3n radial. Chama a atenci\u00f3n que nos dous centrais haxa d\u00faas covi\u00f1as e unha gran cazoleta superpostas no seu interior. Isto p\u00f3denos facer pensar na contemporaneidade destes dous tipos de gravados.<\/p>\n<p lang=\"gl-ES\"><a href=\"http:\/\/lh4.ggpht.com\/_trSM3372sK4\/SKsl5caLvLI\/AAAAAAAADQs\/5pT_P2-Ioa8\/s512\/138.JPG\"><img decoding=\"async\" loading=\"lazy\" class=\"alignleft\" style=\"margin: 10px;\" src=\"http:\/\/lh4.ggpht.com\/_trSM3372sK4\/SKsl5caLvLI\/AAAAAAAADQs\/5pT_P2-Ioa8\/s512\/138.JPG\" alt=\"\" width=\"399\" height=\"299\" \/><\/a>Ao redor das formas naviculares podemos observar numerosas covi\u00f1as -unhas dispersas, outras agrupadas- e diversos sucos, alg\u00fans deles arrodeando unha agrupaci\u00f3n de covi\u00f1as \u2013no lateral dun dos naviculares-.<\/p>\n<p><strong>Zona 3<\/strong>: trala segunda fractura da rocha atopamos esta terceira zona na que, con dificultade, se poden chegar a apreciar alg\u00fans sucos e varias covi\u00f1as, algunhas delas agrupadas nun conxunto. Tam\u00e9n se pode ver unha pequena cazoleta con c\u00edrculo conc\u00e9ntrico ao seu redor asociado a outros pequenos sucos circulares.<\/p>\n<h3 lang=\"gl-ES\" style=\"margin-top: .42cm;\"><span style=\"font-size: large;\"><strong>Estado de conservaci\u00f3n<\/strong><\/span><\/h3>\n<p lang=\"gl-ES\">Hai varios aspectos que saltan \u00e1 vista dunha primeira consideraci\u00f3n: o acusado desgaste que presentan os gravados, as fracturas da rocha, o lique que medra sobre os gravados, a maleza tan pr\u00f3xima \u00e1 rocha, as \u00e1rbores que medran sen control ao seu redor&#8230;<\/p>\n<p lang=\"gl-ES\">Calquera lume que haxa neste espazo afectar\u00eda considerabelmente o pouco que queda dos gravados m\u00e1is superficiais, especialmente dos circulares.<\/p>\n<h3 lang=\"gl-ES\" style=\"margin-top: .42cm;\"><span style=\"font-size: large;\"><strong><a href=\"http:\/\/lh4.ggpht.com\/_trSM3372sK4\/SKslzROL-GI\/AAAAAAAADQc\/K1wRld-LSkM\/s512\/136.JPG\"><img decoding=\"async\" loading=\"lazy\" class=\"alignright\" style=\"margin: 10px;\" src=\"http:\/\/lh4.ggpht.com\/_trSM3372sK4\/SKslzROL-GI\/AAAAAAAADQc\/K1wRld-LSkM\/s512\/136.JPG\" alt=\"\" width=\"399\" height=\"299\" \/><\/a>Valoraci\u00f3n final<\/strong><\/span><\/h3>\n<p lang=\"gl-ES\">Cando se aplicar\u00e1 un proxecto integral de limpeza preventiva destas rochas? \u00c9 necesario liberar un espazo cun per\u00edmetro de protecci\u00f3n que impida o crecemento de \u00e1rbores e maleza que poidan afectar tanto pola acci\u00f3n das ra\u00edces, coma pola proliferaci\u00f3n dos liques, a maleza que os oculta de calquera agresi\u00f3n por acci\u00f3ns forestais, e, principalmente, a acci\u00f3n do perigos\u00edsimo lume.<\/p>\n<h3><strong>Navegadores GPS<\/strong><\/h3>\n<p>Para chegar ata este mu\u00ed\u00f1o podedes descargar a s\u00faa situaci\u00f3n no voso <strong><a href=\"http:\/\/gl.wikiloc.com\/wikiloc\/view.do?id=415644\" target=\"_blank\">navegador GPS<\/a><\/strong><\/p>\n<p>(Se necesitades converter o arquivo .GPX xen\u00e9rico para o voso navegador concreto, descargade o programa <strong><a href=\"http:\/\/poiedit.com\/downloads.htm\" target=\"_blank\">PoiEdit<\/a><\/strong> &gt; Men\u00fa Herramientas&gt;Conversor de paquetes)<\/p>\n","protected":false},"excerpt":{"rendered":"<p>Localizaci\u00f3n Este conxunto de gravados est\u00e1n situados no Monte Pequeno. O acceso \u00e9 moi dif\u00edcil xa que non hai puntos de referencia concretos que nos permitan orientarnos. Enc\u00f3ntrase a uns 200 metros ao noroeste do Carballoso IV, baixando polo mesmo cami\u00f1o ata chegar preto das primeiras casas. Forma parte do conxunto de cinco estaci\u00f3ns de [&hellip;]<\/p>\n","protected":false},"author":3,"featured_media":0,"comment_status":"closed","ping_status":"closed","sticky":false,"template":"","format":"standard","meta":[],"categories":[40,13],"tags":[],"_links":{"self":[{"href":"http:\/\/xosecounhago.com\/index.php?rest_route=\/wp\/v2\/posts\/624"}],"collection":[{"href":"http:\/\/xosecounhago.com\/index.php?rest_route=\/wp\/v2\/posts"}],"about":[{"href":"http:\/\/xosecounhago.com\/index.php?rest_route=\/wp\/v2\/types\/post"}],"author":[{"embeddable":true,"href":"http:\/\/xosecounhago.com\/index.php?rest_route=\/wp\/v2\/users\/3"}],"replies":[{"embeddable":true,"href":"http:\/\/xosecounhago.com\/index.php?rest_route=%2Fwp%2Fv2%2Fcomments&post=624"}],"version-history":[{"count":9,"href":"http:\/\/xosecounhago.com\/index.php?rest_route=\/wp\/v2\/posts\/624\/revisions"}],"predecessor-version":[{"id":2143,"href":"http:\/\/xosecounhago.com\/index.php?rest_route=\/wp\/v2\/posts\/624\/revisions\/2143"}],"wp:attachment":[{"href":"http:\/\/xosecounhago.com\/index.php?rest_route=%2Fwp%2Fv2%2Fmedia&parent=624"}],"wp:term":[{"taxonomy":"category","embeddable":true,"href":"http:\/\/xosecounhago.com\/index.php?rest_route=%2Fwp%2Fv2%2Fcategories&post=624"},{"taxonomy":"post_tag","embeddable":true,"href":"http:\/\/xosecounhago.com\/index.php?rest_route=%2Fwp%2Fv2%2Ftags&post=624"}],"curies":[{"name":"wp","href":"https:\/\/api.w.org\/{rel}","templated":true}]}}