{"id":490,"date":"2012-09-15T20:41:06","date_gmt":"2012-09-15T20:41:06","guid":{"rendered":"http:\/\/xosecounhago.com\/?p=490"},"modified":"2015-11-16T09:35:07","modified_gmt":"2015-11-16T09:35:07","slug":"zamans-muino-3","status":"publish","type":"post","link":"http:\/\/xosecounhago.com\/?p=490","title":{"rendered":"Mu\u00ed\u00f1o de Soloeido do Quenllo (Zam\u00e1ns)"},"content":{"rendered":"<h3><strong><span lang=\"GL\"> <a href=\"https:\/\/lh5.googleusercontent.com\/-qNZ4ua6Wu0s\/UDizkCfMaUI\/AAAAAAAAPXA\/-7LS5kS_y2I\/s912\/100_3010.JPG\"><img decoding=\"async\" loading=\"lazy\" class=\"alignright\" title=\"mui\u00f1o\" src=\"https:\/\/lh5.googleusercontent.com\/-qNZ4ua6Wu0s\/UDizkCfMaUI\/AAAAAAAAPXA\/-7LS5kS_y2I\/s912\/100_3010.JPG\" alt=\"\" width=\"492\" height=\"369\" \/><\/a>Localizaci\u00f3n<\/span><\/strong><\/h3>\n<p>(<strong><a href=\"https:\/\/www.google.es\/maps\/ms?msid=208535544872203240432.0004469c9d6b6dc27059b&amp;msa=0&amp;ll=42.158095,-8.692583&amp;spn=0.004499,0.008111&amp;iwloc=000463d74913ba4d4276b\" target=\"_blank\">Ver en Google Maps<\/a><\/strong>)<\/p>\n<p><span>Este mu\u00ed\u00f1o forma parte dun conxunto de cinco construci\u00f3ns que est\u00e1n <a href=\"http:\/\/www.google.es\/maps\/ms?ie=UTF8&amp;hl=gl&amp;t=h&amp;msa=0&amp;msid=113862608953642749447.0004469c9d6b6dc27059b&amp;ll=42.157999,-8.692052&amp;spn=0.001897,0.004731&amp;z=18&amp;iwloc=000463d74913ba4d4276b\" target=\"_blank\">situadas \u00e1 beira do r\u00edo de Vilaza<\/a>, na parroquia de Zam\u00e1ns e ocupa o terceiro lugar desta agrupaci\u00f3n etnogr\u00e1fica.<\/span><\/p>\n<p><span>Para chegar a este lugar podedes dirixirvos ao campo da feira da parroquia, ao lado da igrexa de Zam\u00e1ns, e descender pola estrada de Vilaverde. A menos dun quil\u00f3metro veredes o r\u00edo. Baixades pola s\u00faa beira e estaredes nun prado recuperado con plantaci\u00f3n de acivros e o primeiro dos mu\u00ed\u00f1os.<\/span><\/p>\n<p><span>Seguindo o curso descendente do r\u00edo est\u00e1n os cinco mu\u00ed\u00f1os formando un conxunto etnogr\u00e1fico de especial beleza, tanto pola contorna que se atopan coma pola fermosa restauraci\u00f3n a que foron sometidos por parte da Comunidade de Montes de Zam\u00e1ns.<\/span><\/p>\n<p>Forma parte da <a href=\"http:\/\/gl.wikiloc.com\/wikiloc\/view.do?id=2054887\" target=\"_blank\">Ruta de conxuntos etnogr\u00e1ficos de mu\u00ed\u00f1os de Vigo<\/a>, que podedes descargar no voso navegador GPS.<\/p>\n<h3><strong><span lang=\"GL\">Descrici\u00f3n<\/span><\/strong><\/h3>\n<p><strong> <\/strong><\/p>\n<p><strong><span>Situaci\u00f3n<\/span><\/strong><span>: Este terceiro mu\u00ed\u00f1o, en orde descendente pola beira do r\u00edo de Vilaza, est\u00e1 situado na marxe dereita da corrente, moi pr\u00f3ximo \u00e1 auga e rodeado de amieiros e salgueiros.<\/span><\/p>\n<p><strong><span>Tipolox\u00eda<\/span><\/strong><span>: \u00e9 un mu\u00ed\u00f1o de cubo cunha soa m\u00f3. Este cubo non ten a forma cadrada ou circular caracter\u00edstica da maior\u00eda deles, sen\u00f3n que ten forma alongada, realizada a partir da forte ca\u00edda que se lle d\u00e1 \u00e1 canle da levada na s\u00faa chegada ao mu\u00ed\u00f1o.<\/span><\/p>\n<p><strong><span>Levada<\/span><\/strong><span>: a levada cons\u00e9rvase en bo estado e prov\u00e9n directamente do segundo mu\u00ed\u00f1o deste conxunto; de feito a auga vai dun mu\u00ed\u00f1o ao outro durante todo o percorrido. Nestes \u00faltimos metros \u00e1lzase sobre a pendente do terreo reforzada por s\u00f3lidos soportes laterais de cachotar\u00eda. A construci\u00f3n do mu\u00ed\u00f1o na parte inferior da pendente do terreo propicia a ca\u00edda da auga a trav\u00e9s do cubo para proporcionar a forza necesaria ao rodicio.<a href=\"https:\/\/lh5.googleusercontent.com\/-hrAd0gPzlS0\/UDizefirt_I\/AAAAAAAAPWg\/qArqZ-s6k9M\/s912\/100_3030.JPG\"><img decoding=\"async\" loading=\"lazy\" class=\"alignleft\" title=\"mui\u00f1o\" src=\"https:\/\/lh5.googleusercontent.com\/-hrAd0gPzlS0\/UDizefirt_I\/AAAAAAAAPWg\/qArqZ-s6k9M\/s912\/100_3030.JPG\" alt=\"\" width=\"492\" height=\"369\" \/><\/a><\/span><\/p>\n<p><strong> <\/strong><\/p>\n<p><strong><span>Edificaci\u00f3n<\/span><\/strong><span>: o mu\u00ed\u00f1o \u00e9 de reducido tama\u00f1o, coas paredes en cachotar\u00eda e o tellado dunha auga.<\/span><\/p>\n<p><span>Presenta unha porta e ningunha outra entrada de luz. A porta est\u00e1 formada por d\u00faas xambas laterais, con cadanseu perpia\u00f1o encima para proporcionar maior altura ao van, sobre o que se disp\u00f3n un lintel.<\/span><\/p>\n<p><span>Ten tam\u00e9n soleira de entrada e as xambas est\u00e1n traballadas para permitir o encaste da porta.<\/span><\/p>\n<p><span>O tellado foi restaurado na s\u00faa totalidade recuperando tam\u00e9n todo o beirado p\u00e9treo.<\/span><\/p>\n<p><strong><span>Interior<\/span><\/strong><span>: podemos identificar a\u00ednda dous espazos: o da moenda e o da estancia das persoas. No espazo da moenda hai unha m\u00f3 \u00e1 que lle falta a pedra superior. Tam\u00e9n podemos identificar un pousadouro asociado a un pequeno fornelo.<\/span><\/p>\n<h3><strong><span lang=\"GL\"><a href=\"http:\/\/lh4.ggpht.com\/_e-UDIhsG_qg\/Sabrz8fm1lI\/AAAAAAAAH3M\/3b6F3DUsftw\/s640\/100_3974.JPG\" target=\"_blank\"><img decoding=\"async\" loading=\"lazy\" class=\"alignright\" src=\"http:\/\/lh4.ggpht.com\/_e-UDIhsG_qg\/Sabrz8fm1lI\/AAAAAAAAH3M\/3b6F3DUsftw\/s640\/100_3974.JPG\" alt=\"\" width=\"499\" height=\"374\" \/><\/a>Estado de conservaci\u00f3n<\/span><\/strong><\/h3>\n<p>Na seguinte imaxe podemos apreciar como se encontraba antes da restauraci\u00f3n. Na galer\u00eda de imaxes que acompa\u00f1a este artigo podemos ver unha relaci\u00f3n m\u00e1is completa do antes e o despois deste mu\u00ed\u00f1o.<\/p>\n<p><span>A estrutura p\u00e9trea foi restaurada na s\u00faa totalidade. <\/span><\/p>\n<p><span>As paredes foron consolidadas e reforzadas e as pedras limpadas, coa restituci\u00f3n do tellado e as lousas que bordean o teitume formando a sobrepena.<\/span><\/p>\n<p><span>A intervenci\u00f3n realizada, respectando cada pedra orixinal do mu\u00ed\u00f1o, transformou completamente a s\u00faa fasqu\u00eda dun xeito coidado e positivo ata o punto de que ser\u00eda dif\u00edcil reco\u00f1ecer que se trata do mesmo mu\u00ed\u00f1o \u00e1 vista destas d\u00faas imaxes.<\/span><\/p>\n<h3><strong><span lang=\"GL\">Valoraci\u00f3n final<\/span><\/strong><\/h3>\n<p><span>A posta en valor deste importante conxunto etnogr\u00e1fico levou consigo unha intervenci\u00f3n de limpeza e recuperaci\u00f3n de cada un dos mu\u00ed\u00f1os que hai neste recanto tan especial de Zam\u00e1ns.<\/span><\/p>\n<p><span>A restauraci\u00f3n destes mu\u00ed\u00f1os devolveulles unha gran beleza que nos fala por si mesma a trav\u00e9s da conexi\u00f3n da identidade cultural que nos une coa terra e as nosas raiceiras.<\/span><\/p>\n<p><span><a href=\"https:\/\/lh5.googleusercontent.com\/-SAZeYqO8KdQ\/UDizhc_3cNI\/AAAAAAAAPWw\/qY8NnOrYm7I\/s912\/100_3032.JPG\"><img decoding=\"async\" loading=\"lazy\" class=\"alignleft\" title=\"mui\u00f1o\" src=\"https:\/\/lh5.googleusercontent.com\/-SAZeYqO8KdQ\/UDizhc_3cNI\/AAAAAAAAPWw\/qY8NnOrYm7I\/s912\/100_3032.JPG\" alt=\"\" width=\"492\" height=\"369\" \/><\/a><\/span><\/p>\n<h3>M\u00e1is informaci\u00f3n<\/h3>\n<p style=\"margin-top: 12pt;\"><span>Podedes acceder \u00e1 <a href=\"https:\/\/picasaweb.google.com\/107741656264330036429\/ZamansMuino3#slideshow\" target=\"_blank\"><strong><span>galer\u00eda fotogr\u00e1fica<\/span><\/strong><\/a> deste mu\u00ed\u00f1o.<\/span><\/p>\n<p style=\"margin-top: 12pt;\"><span>Asociaci\u00f3n Veci\u00f1al de Zam\u00e1ns, <a href=\"http:\/\/www.zamans.net\/Imaxes\/Mui\u00f1os\/Mui\u00f1osDeZamans.htm#_Toc251950496\" target=\"_blank\">Mu\u00ed\u00f1os de Zam\u00e1ns<\/a> <\/span><\/p>\n<h3 style=\"margin-top: 12pt;\"><strong><span>Navegadores GPS<\/span><\/strong><\/h3>\n<p><span>Para chegar ata este mu\u00ed\u00f1o, podedes descargar a s\u00faa situaci\u00f3n no voso <strong><span><a href=\"http:\/\/gl.wikiloc.com\/wikiloc\/view.do?id=305211\" target=\"_blank\">navegador GPS.<\/a><\/span><\/strong><\/span><\/p>\n<p>Tam\u00e9n podedes descargar a <a href=\"http:\/\/gl.wikiloc.com\/wikiloc\/view.do?id=2054887\" target=\"_blank\">Ruta de conxuntos etnogr\u00e1ficos de mu\u00ed\u00f1os de Vigo<\/a> no voso navegador.<\/p>\n<p><span>(Se necesitades converter o arquivo .GPX xen\u00e9rico para o voso navegador concreto, descargade o programa <em><strong><span><a href=\"http:\/\/poiedit.com\/downloads.htm\" target=\"_blank\">PoiEdit<\/a><\/span><\/strong><\/em> &gt; Men\u00fa Herramientas&gt;Conversor de paquetes)<\/span><\/p>\n<p><strong> <\/strong><\/p>\n","protected":false},"excerpt":{"rendered":"<p>Localizaci\u00f3n (Ver en Google Maps) Este mu\u00ed\u00f1o forma parte dun conxunto de cinco construci\u00f3ns que est\u00e1n situadas \u00e1 beira do r\u00edo de Vilaza, na parroquia de Zam\u00e1ns e ocupa o terceiro lugar desta agrupaci\u00f3n etnogr\u00e1fica. Para chegar a este lugar podedes dirixirvos ao campo da feira da parroquia, ao lado da igrexa de Zam\u00e1ns, e [&hellip;]<\/p>\n","protected":false},"author":3,"featured_media":0,"comment_status":"closed","ping_status":"closed","sticky":false,"template":"","format":"standard","meta":[],"categories":[10,23],"tags":[],"_links":{"self":[{"href":"http:\/\/xosecounhago.com\/index.php?rest_route=\/wp\/v2\/posts\/490"}],"collection":[{"href":"http:\/\/xosecounhago.com\/index.php?rest_route=\/wp\/v2\/posts"}],"about":[{"href":"http:\/\/xosecounhago.com\/index.php?rest_route=\/wp\/v2\/types\/post"}],"author":[{"embeddable":true,"href":"http:\/\/xosecounhago.com\/index.php?rest_route=\/wp\/v2\/users\/3"}],"replies":[{"embeddable":true,"href":"http:\/\/xosecounhago.com\/index.php?rest_route=%2Fwp%2Fv2%2Fcomments&post=490"}],"version-history":[{"count":10,"href":"http:\/\/xosecounhago.com\/index.php?rest_route=\/wp\/v2\/posts\/490\/revisions"}],"predecessor-version":[{"id":1968,"href":"http:\/\/xosecounhago.com\/index.php?rest_route=\/wp\/v2\/posts\/490\/revisions\/1968"}],"wp:attachment":[{"href":"http:\/\/xosecounhago.com\/index.php?rest_route=%2Fwp%2Fv2%2Fmedia&parent=490"}],"wp:term":[{"taxonomy":"category","embeddable":true,"href":"http:\/\/xosecounhago.com\/index.php?rest_route=%2Fwp%2Fv2%2Fcategories&post=490"},{"taxonomy":"post_tag","embeddable":true,"href":"http:\/\/xosecounhago.com\/index.php?rest_route=%2Fwp%2Fv2%2Ftags&post=490"}],"curies":[{"name":"wp","href":"https:\/\/api.w.org\/{rel}","templated":true}]}}