{"id":453,"date":"2011-09-10T00:26:59","date_gmt":"2011-09-10T00:26:59","guid":{"rendered":"http:\/\/xosecounhago.com\/?p=453"},"modified":"2022-09-13T09:00:55","modified_gmt":"2022-09-13T09:00:55","slug":"petroglifos-do-carballoso-ii-oia","status":"publish","type":"post","link":"http:\/\/xosecounhago.com\/?p=453","title":{"rendered":"Petr\u00f3glifos do Carballoso II (Oia)"},"content":{"rendered":"<p><!-- [if !mso]&gt;--><\/p>\n<p><a href=\"http:\/\/lh3.ggpht.com\/_trSM3372sK4\/SKsfXWGKDsI\/AAAAAAAADKQ\/INMHym0YyzI\/s640\/021.JPG\"><img decoding=\"async\" loading=\"lazy\" class=\"alignleft\" style=\"margin-left: 20px; margin-right: 20px;\" src=\"http:\/\/lh3.ggpht.com\/_trSM3372sK4\/SKsfXWGKDsI\/AAAAAAAADKQ\/INMHym0YyzI\/s640\/021.JPG\" alt=\"\" width=\"489\" height=\"366\" \/><\/a><a href=\"http:\/\/www.google.es\/maps\/ms?ie=UTF8&amp;hl=gl&amp;msa=0&amp;msid=113862608953642749447.0004469c9d6b6dc27059b&amp;ll=42.176754,-8.782958&amp;spn=0.003506,0.009656&amp;t=h&amp;z=17\"><strong><span lang=\"GL\">Localizaci\u00f3n<\/span><\/strong><\/a><\/p>\n<p>Non \u00e9 doado dar con este conxunto de gravados rupestres. Est\u00e1n preto da pista forestal que comunica Coruxo, dende a ermida de San Sebasti\u00e1n, con Oia, a 2,3 km da ermida. Hai que abandonar a pista e dirixirse monte a trav\u00e9s na busca destes afloramentos rochosos. Nas inmediaci\u00f3ns enc\u00f3ntranse tam\u00e9n os petr\u00f3glifos do Carballoso III, IV e V.<\/p>\n<h3><strong><span lang=\"GL\">Descrici\u00f3n<\/span><\/strong><\/h3>\n<p>Hai varias rochas con distintos tipos de gravados. Comezaremos a describilas de oeste a leste.<\/p>\n<ul>\n<li>Rocha de 1 m x 0,8 m: vemos unha figura cuadrangular de 3&#215;5 cuadr\u00edculas. Ao seu lado hai unha figura circular incompleta.<\/li>\n<li>Rocha de 3,40 m x 2,50 m. De norte a sur vemos:<\/li>\n<li>Unha figura oval incompleta, dividida en tres zonas interiores por senllos sucos. En cada unha destas zonas hai varias covi\u00f1as.<\/li>\n<li>Asociadas a este figura oval hai d\u00faas cazoletas.<\/li>\n<li>Tres figuras formadas por sucos, con formas cuadrangulares incompletas.<\/li>\n<li>Ao lado destas figuras vemos unha cazoleta duns 10 cm de di\u00e1metro.<\/li>\n<li>A continuaci\u00f3n atopamos d\u00faas figuras circulares incompletas apegadas, con covi\u00f1as no seu interior asociadas a pequenos sucos.<\/li>\n<li>A \u00faltima figura \u00e9 un pequeno c\u00edrculo con covi\u00f1a central e suco de sa\u00edda.<\/li>\n<li>Rematamos a observaci\u00f3n da rocha con varias covi\u00f1as e sucos imprecisos.<\/li>\n<\/ul>\n<p><a href=\"http:\/\/lh3.ggpht.com\/_trSM3372sK4\/SKsfab0mETI\/AAAAAAAADKY\/NHrMsAOyipc\/s640\/022.JPG\"><img decoding=\"async\" loading=\"lazy\" class=\"alignright\" src=\"http:\/\/lh3.ggpht.com\/_trSM3372sK4\/SKsfab0mETI\/AAAAAAAADKY\/NHrMsAOyipc\/s640\/022.JPG\" alt=\"\" width=\"451\" height=\"338\" \/><\/a>Seguidamente atopamos cinco pequenas rochas, de menos dun metro, nas que hai covi\u00f1as e cazoletas. Na rocha central hai unha gran cazoleta duns 25 cm de di\u00e1metro asociada a outras d\u00faas de menor tama\u00f1o.<\/p>\n<p>A rocha situada no extremo leste presenta dous gravados.<\/p>\n<ul>\n<li>Figura oval dividida por un suco central con numerosas covi\u00f1as en ambas as secci\u00f3ns.<\/li>\n<li>Apegada a esta hai unha figura formada por tres c\u00edrculos conc\u00e9ntricos, con covi\u00f1as centrais.<\/li>\n<\/ul>\n<h3><strong><span lang=\"GL\">Estado de conservaci\u00f3n<\/span><\/strong><\/h3>\n<p>A propia ficha do <a href=\"http:\/\/hoxe.vigo.org\/urbanismo\/pxom\/\">cat\u00e1logo do PXOM<\/a> declara que unha \u201cgran cantidade de maleza, musgos e l\u00edquenes ocultan por completo as rochas\u201d (sic). Deste xeito concl\u00fae que o seu estado de conservaci\u00f3n \u00e9 \u201cmalo\u201d.<\/p>\n<p>Na fotos pode observarse como as rochas est\u00e1n sen ning\u00fan tipo de protecci\u00f3n nin coidado. Non se aprecia ning\u00fan tipo de labores de conservaci\u00f3n e preservaci\u00f3n.<\/p>\n<p>O abandono deste conxunto rupestre \u00e9 total, o que nos leva a preguntarnos se o departamento de patrimonio tanto local como provincial te\u00f1en constancia do lament\u00e1bel estado da situaci\u00f3n que sofren estes gravados.<\/p>\n<h3><a href=\"http:\/\/lh3.ggpht.com\/_trSM3372sK4\/SKsehkq5JhI\/AAAAAAAADH0\/4Vs_elF-bu8\/s640\/002.JPG\"><img decoding=\"async\" loading=\"lazy\" class=\"alignleft\" style=\"margin-left: 25px; margin-right: 25px;\" src=\"http:\/\/lh3.ggpht.com\/_trSM3372sK4\/SKsehkq5JhI\/AAAAAAAADH0\/4Vs_elF-bu8\/s640\/002.JPG\" alt=\"\" width=\"451\" height=\"338\" \/><\/a><strong><span lang=\"GL\">Valoraci\u00f3n final<\/span><\/strong><\/h3>\n<p>Cando nos achegamos a nun lugar as\u00ed, no que observamos e nos abraiamos do estado de conservaci\u00f3n do noso patrimonio, decat\u00e1monos da paulatina degradaci\u00f3n \u00e1 que se ven sometidos estes petr\u00f3glifos pola desatenci\u00f3n de todas as persoas e entidades implicadas: dende as comunidades de montes ata as diferentes administraci\u00f3ns.<\/p>\n<p>As comunidades de montes deben tomar conciencia de que non s\u00f3 te\u00f1en \u00e1rbores nos montes, de que hai unha riqueza tam\u00e9n nos seus territorios que non se cuantifica en euros, sen\u00f3n nun valor patrimonial que mestura arte, historia e antropolox\u00eda.<\/p>\n<p>Non s\u00f3 as \u00e1rbores te\u00f1en ra\u00edces; tam\u00e9n n\u00f3s, como pobo, temos ra\u00edces. E esas ra\u00edces est\u00e1n moi \u00e1 vista en cada un dos gravados das nosas rochas. Forman parte da nosa identidade e da imaxe que temos de n\u00f3s mesmos e que transmitimos ao mundo.<\/p>\n<p>Os labores forestais realizados sen as debidas precauci\u00f3ns causan danos irrepar\u00e1beis nas rochas e nos seus gravados.<\/p>\n<p><strong><span lang=\"GL\"><a href=\"http:\/\/lh6.ggpht.com\/_trSM3372sK4\/SKsfCantcBI\/AAAAAAAADJY\/kSmz1Z_JjsI\/s640\/014.JPG\"><img decoding=\"async\" loading=\"lazy\" class=\"alignright\" src=\"http:\/\/lh6.ggpht.com\/_trSM3372sK4\/SKsfCantcBI\/AAAAAAAADJY\/kSmz1Z_JjsI\/s640\/014.JPG\" alt=\"\" width=\"452\" height=\"339\" \/><\/a><\/span><\/strong>As administraci\u00f3ns te\u00f1en o deber de informar e implicar as comunidades de montes na conservaci\u00f3n de todo este legado hist\u00f3rico, xa que o labor forestal cada vez m\u00e1is intensivo que se realizan nos montes aceleran as posibilidades de desaparici\u00f3n do noso patrimonio arqueol\u00f3xico.<\/p>\n<p>E mentres isto sucede, onde est\u00e1n e para onde miran as nosas administraci\u00f3ns?<\/p>\n<h3>Navegadores GPS<\/h3>\n<p>Podedes introducir o lugar onde est\u00e1 no voso <strong><em><a href=\"http:\/\/gl.wikiloc.com\/wikiloc\/view.do?id=267933\">navegador GPS<\/a>.<\/em><\/strong><\/p>\n<p>(Se necesitades converter o arquivo .GPX xen\u00e9rico para o voso navegador concreto, descargade o programa <strong><em><a href=\"http:\/\/poiedit.com\/downloads.htm\">PoiEdit<\/a><\/em><\/strong>, e despois &gt; Men\u00fa Herramientas&gt;Conversor de paquetes).<\/p>\n","protected":false},"excerpt":{"rendered":"<p>Localizaci\u00f3n Non \u00e9 doado dar con este conxunto de gravados rupestres. Est\u00e1n preto da pista forestal que comunica Coruxo, dende a ermida de San Sebasti\u00e1n, con Oia, a 2,3 km da ermida. Hai que abandonar a pista e dirixirse monte a trav\u00e9s na busca destes afloramentos rochosos. Nas inmediaci\u00f3ns enc\u00f3ntranse tam\u00e9n os petr\u00f3glifos do Carballoso [&hellip;]<\/p>\n","protected":false},"author":3,"featured_media":0,"comment_status":"closed","ping_status":"closed","sticky":false,"template":"","format":"standard","meta":[],"categories":[40,13],"tags":[],"_links":{"self":[{"href":"http:\/\/xosecounhago.com\/index.php?rest_route=\/wp\/v2\/posts\/453"}],"collection":[{"href":"http:\/\/xosecounhago.com\/index.php?rest_route=\/wp\/v2\/posts"}],"about":[{"href":"http:\/\/xosecounhago.com\/index.php?rest_route=\/wp\/v2\/types\/post"}],"author":[{"embeddable":true,"href":"http:\/\/xosecounhago.com\/index.php?rest_route=\/wp\/v2\/users\/3"}],"replies":[{"embeddable":true,"href":"http:\/\/xosecounhago.com\/index.php?rest_route=%2Fwp%2Fv2%2Fcomments&post=453"}],"version-history":[{"count":8,"href":"http:\/\/xosecounhago.com\/index.php?rest_route=\/wp\/v2\/posts\/453\/revisions"}],"predecessor-version":[{"id":2139,"href":"http:\/\/xosecounhago.com\/index.php?rest_route=\/wp\/v2\/posts\/453\/revisions\/2139"}],"wp:attachment":[{"href":"http:\/\/xosecounhago.com\/index.php?rest_route=%2Fwp%2Fv2%2Fmedia&parent=453"}],"wp:term":[{"taxonomy":"category","embeddable":true,"href":"http:\/\/xosecounhago.com\/index.php?rest_route=%2Fwp%2Fv2%2Fcategories&post=453"},{"taxonomy":"post_tag","embeddable":true,"href":"http:\/\/xosecounhago.com\/index.php?rest_route=%2Fwp%2Fv2%2Ftags&post=453"}],"curies":[{"name":"wp","href":"https:\/\/api.w.org\/{rel}","templated":true}]}}