{"id":1403,"date":"2012-05-08T15:57:16","date_gmt":"2012-05-08T15:57:16","guid":{"rendered":"http:\/\/xosecounhago.com\/?p=1403"},"modified":"2023-01-22T20:17:27","modified_gmt":"2023-01-22T20:17:27","slug":"mamoa-das-xunqueiras-4-zamans","status":"publish","type":"post","link":"http:\/\/xosecounhago.com\/?p=1403","title":{"rendered":"M\u00e1moa das Xunqueiras 4 (Zam\u00e1ns)"},"content":{"rendered":"<h3><a href=\"https:\/\/lh5.googleusercontent.com\/-EO3MRR9SzYs\/T6lB-4Wo9CI\/AAAAAAAAOts\/XXlRWZKJDXE\/s1024\/100_0834.JPG\"><img decoding=\"async\" loading=\"lazy\" class=\"alignleft\" title=\"mamoa\" src=\"https:\/\/lh5.googleusercontent.com\/-EO3MRR9SzYs\/T6lB-4Wo9CI\/AAAAAAAAOts\/XXlRWZKJDXE\/s1024\/100_0834.JPG\" alt=\"\" width=\"491\" height=\"369\" \/><\/a>Localizaci\u00f3n<\/h3>\n<p>(<strong><em><a href=\"https:\/\/www.google.es\/maps\/@42.1710022,-8.6840067,107m\/data=!3m1!1e3!4m2!6m1!1s1DrIhJTSB-UwI3gKBBfsXflypfKw?hl=es&amp;authuser=0\" target=\"_blank\">Ver en Google Maps<\/a><\/em><\/strong>)<\/p>\n<p>Esta m\u00e1moa pertence \u00e1 necr\u00f3pole neol\u00edtica denominada As Pedreiras, formada por 4 t\u00famulos, situada no campus universitario As Lagoas\/Marcosende. Nos cat\u00e1logos oficiais do concello de Vigo aparecen, en cambio, baixo a denominaci\u00f3n As Xunqueiras.<\/p>\n<p>A precisi\u00f3n topon\u00edmica da zona sit\u00faa o lugar da Xunqueira ao car\u00f3n da lagoa do campus, nunha cota inferior, e este lugar denom\u00ednase propiamente monte das Pedreiras, denominaci\u00f3n m\u00e1is l\u00f3xica de acordo coa orograf\u00eda e o terreo aos que corresponden.<\/p>\n<p>Das catro m\u00e1moas deste conxunto, \u00e9 a que ocupa o punto m\u00e1is baixo do terreo en suave pendente.<\/p>\n<p>Por outra parte, ao igual que a <strong><a href=\"http:\/\/xosecounhago.com\/?p=1393\" target=\"_blank\">m\u00e1moa n\u00ba 1<\/a><\/strong> deste conxunto, est\u00e1 situada aproveitando un pronunciamento ao bordo do desnivel do terreo que lle permite unha maior e mellor visibilidade.<\/p>\n<p>En xeral, as catro m\u00e1moas est\u00e1n erixidas en lugares destacados orograficamente, ocupando cotas superiores ou recantos ao bordo de desniveis de terreo, como \u00e9 o caso da que nos ocupa neste artigo.<\/p>\n<h3>Descrici\u00f3n<\/h3>\n<p><a href=\"https:\/\/lh6.googleusercontent.com\/-I-iqu7gyqsg\/T6lByEC484I\/AAAAAAAAOs8\/F7RuHLTuybg\/s1024\/100_0827.JPG\"><img decoding=\"async\" loading=\"lazy\" class=\"alignright\" title=\"mamoa\" src=\"https:\/\/lh6.googleusercontent.com\/-I-iqu7gyqsg\/T6lByEC484I\/AAAAAAAAOs8\/F7RuHLTuybg\/s1024\/100_0827.JPG\" alt=\"\" width=\"491\" height=\"369\" \/><\/a>Mide 15 m de di\u00e1metro N-S e 14 m no di\u00e1metro L-O. A altura do t\u00famulo sobresae apenas 60 cm da superficie do terreo, mais o feito de estar situada ao bordo dunha ca\u00edda do terreo semella aparentala m\u00e1is alta.<\/p>\n<p>Cara ao oeste, o t\u00famulo aparece cortado e no seu interior presenta o caracter\u00edstico cono de espolizaci\u00f3n.<\/p>\n<p>No seu interior s\u00f3 permanece un ort\u00f3stato enterrado do que sae ao exterior un anaco de 10 cm de altura sobre o terreo.<\/p>\n<p>Espallados polo t\u00famulo poden verse numerosos cachotes que poden formar parte da coiraza caracter\u00edstica de moitas m\u00e1moas.<\/p>\n<p>Est\u00e1 situado ao car\u00f3n da maior das m\u00e1moas deste conxunto, e as d\u00faas xuntas forman unha singular parella que destaca polo lugar que cada unha delas ocupa no terreo. No caso desta que nos ocupa, est\u00e1 situada no bordo do nesnivel do terreo e a s\u00faa parella encr\u00e1vase nunha cota de altura, o que a fai destacar moito m\u00e1is.<\/p>\n<h3>Estado de conservaci\u00f3n<\/h3>\n<p><a href=\"https:\/\/lh4.googleusercontent.com\/-pIM8DeyFT2I\/T6lB0VONDuI\/AAAAAAAAOtE\/E0MUy4bDSEk\/s1024\/100_0828.JPG\"><img decoding=\"async\" loading=\"lazy\" class=\"alignleft\" title=\"mamoa\" src=\"https:\/\/lh4.googleusercontent.com\/-pIM8DeyFT2I\/T6lB0VONDuI\/AAAAAAAAOtE\/E0MUy4bDSEk\/s1024\/100_0828.JPG\" alt=\"\" width=\"491\" height=\"369\" \/><\/a>Despois da intervenci\u00f3n de posta en valor por parte da Universidade de Vigo, a s\u00faa superficie tumular quedou limpa de \u00e1rbores e maleza.<\/p>\n<p>A conservaci\u00f3n chegou ata n\u00f3s baixo m\u00ednimos, cunha importante perda de masa tumular e o corte de terra que lle practivaron cara ao oeste.<\/p>\n<h3>Valoraci\u00f3n final<\/h3>\n<p>O conxunto tumular das Xunqueiras pertence a un proxecto de recuperaci\u00f3n e posta en valor do patrimonio cultural de Vigo denominado \u00a0<a href=\"http:\/\/areasetnoarqueoloxicas.vigo.org\/\" target=\"_blank\"><strong><em>\u00c1reas Etnoarqueol\u00f3xicas<\/em><\/strong><\/a>, promovido dende o concello de Vigo no ano 2010.<\/p>\n<p>Tam\u00e9n se elaboraron<strong><em><a href=\"http:\/\/areasetnoarqueoloxicas.vigo.org\/zamans#materiais\" target=\"_blank\"> materiais did\u00e1cticos<\/a><\/em><\/strong> que nos facilitan a contextualizaci\u00f3n das rutas propostas para o co\u00f1ecemento do patrimonio pertencente \u00e1 parroquia de Zam\u00e1ns.<\/p>\n<p>Pola s\u00faa banda, a Universidade de Vigo, no ano seguinte, a trav\u00e9s dun proxecto integral dese\u00f1ado pola Vicerreitor\u00eda de Extensi\u00f3n Universitaria, realizou unha prospecci\u00f3n con xeorradar nos t\u00famulos n\u00ba 3 e n\u00ba4 da necr\u00f3pole megal\u00edtica.<\/p>\n<p>Neste proxecto contemplouse acertadamente a posta en valor desta necr\u00f3pole, coa limpeza de toda a contorna e a s\u00faa delimitaci\u00f3n espacial, permitindo un doado acceso \u00e1 contemplaci\u00f3n de todo o conxunto.<\/p>\n<h3>M\u00e1is informaci\u00f3n<\/h3>\n<p><strong><em><a href=\"https:\/\/lh6.googleusercontent.com\/-z-p3utfefFU\/T6lB5hC68lI\/AAAAAAAAOtU\/8NQcMXFUmFY\/s1024\/100_0831.JPG\"><img decoding=\"async\" loading=\"lazy\" class=\"alignright\" title=\"mamoa\" src=\"https:\/\/lh6.googleusercontent.com\/-z-p3utfefFU\/T6lB5hC68lI\/AAAAAAAAOtU\/8NQcMXFUmFY\/s1024\/100_0831.JPG\" alt=\"\" width=\"491\" height=\"369\" \/><\/a><a href=\"https:\/\/picasaweb.google.com\/107741656264330036429\/MamoaDasXunqueiras4Zamans#slideshow\/\" target=\"_blank\">Galer\u00eda de imaxes<\/a><\/em><\/strong><\/p>\n<p><a href=\"http:\/\/areasetnoarqueoloxicas.vigo.org\/\" target=\"_blank\">Proxecto de \u00c1reas Etnoarqueol\u00f3xicas<\/a><\/p>\n<p><a href=\"http:\/\/duvi.uvigo.es\/index.php?option=com_content&amp;task=view&amp;id=4759&amp;Itemid=2\" target=\"_blank\">Diario da Universidade de Vigo<\/a><\/p>\n<p><a href=\"http:\/\/duvi.uvigo.es\/index.php?option=com_content&amp;task=view&amp;id=4759&amp;Itemid=2\" target=\"_blank\">Paleorama en Red<\/a><\/p>\n<p><a href=\"http:\/\/www.facebook.com\/photo.php?v=108787845871641\" target=\"_blank\">Arqueo-CUVI <\/a><\/p>\n<h3>Navegadores GPS<\/h3>\n<p>Para chegar ata este petr\u00f3glifo podedes descargar a s\u00faa situaci\u00f3n no voso<a href=\"http:\/\/gl.wikiloc.com\/wikiloc\/view.do?id=2813059\" target=\"_blank\"> <strong>navegador GPS<\/strong><\/a><\/p>\n<p>(Se necesitades converter o arquivo .GPX xen\u00e9rico para o voso navegador concreto, descargade o programa<a href=\"http:\/\/poiedit.com\/downloads.htm\" target=\"_blank\"> PoiEdit<\/a> &gt; Men\u00fa Herramientas&gt;Conversor de paquetes).<\/p>\n<div id=\"_mcePaste\" style=\"position: absolute; left: -10000px; top: 699px; width: 1px; height: 1px; overflow-x: hidden; overflow-y: hidden;\"><\/div>\n","protected":false},"excerpt":{"rendered":"<p>Localizaci\u00f3n (Ver en Google Maps) Esta m\u00e1moa pertence \u00e1 necr\u00f3pole neol\u00edtica denominada As Pedreiras, formada por 4 t\u00famulos, situada no campus universitario As Lagoas\/Marcosende. Nos cat\u00e1logos oficiais do concello de Vigo aparecen, en cambio, baixo a denominaci\u00f3n As Xunqueiras. A precisi\u00f3n topon\u00edmica da zona sit\u00faa o lugar da Xunqueira ao car\u00f3n da lagoa do campus, [&hellip;]<\/p>\n","protected":false},"author":3,"featured_media":0,"comment_status":"closed","ping_status":"closed","sticky":false,"template":"","format":"standard","meta":[],"categories":[48,9,23],"tags":[],"_links":{"self":[{"href":"http:\/\/xosecounhago.com\/index.php?rest_route=\/wp\/v2\/posts\/1403"}],"collection":[{"href":"http:\/\/xosecounhago.com\/index.php?rest_route=\/wp\/v2\/posts"}],"about":[{"href":"http:\/\/xosecounhago.com\/index.php?rest_route=\/wp\/v2\/types\/post"}],"author":[{"embeddable":true,"href":"http:\/\/xosecounhago.com\/index.php?rest_route=\/wp\/v2\/users\/3"}],"replies":[{"embeddable":true,"href":"http:\/\/xosecounhago.com\/index.php?rest_route=%2Fwp%2Fv2%2Fcomments&post=1403"}],"version-history":[{"count":17,"href":"http:\/\/xosecounhago.com\/index.php?rest_route=\/wp\/v2\/posts\/1403\/revisions"}],"predecessor-version":[{"id":2157,"href":"http:\/\/xosecounhago.com\/index.php?rest_route=\/wp\/v2\/posts\/1403\/revisions\/2157"}],"wp:attachment":[{"href":"http:\/\/xosecounhago.com\/index.php?rest_route=%2Fwp%2Fv2%2Fmedia&parent=1403"}],"wp:term":[{"taxonomy":"category","embeddable":true,"href":"http:\/\/xosecounhago.com\/index.php?rest_route=%2Fwp%2Fv2%2Fcategories&post=1403"},{"taxonomy":"post_tag","embeddable":true,"href":"http:\/\/xosecounhago.com\/index.php?rest_route=%2Fwp%2Fv2%2Ftags&post=1403"}],"curies":[{"name":"wp","href":"https:\/\/api.w.org\/{rel}","templated":true}]}}