{"id":1393,"date":"2012-05-07T21:13:26","date_gmt":"2012-05-07T21:13:26","guid":{"rendered":"http:\/\/xosecounhago.com\/?p=1393"},"modified":"2023-01-22T20:18:21","modified_gmt":"2023-01-22T20:18:21","slug":"mamoa-das-xunqueiras-1-zamans","status":"publish","type":"post","link":"http:\/\/xosecounhago.com\/?p=1393","title":{"rendered":"M\u00e1moa das Xunqueiras 1 (Zam\u00e1ns)"},"content":{"rendered":"<h3><a href=\"https:\/\/lh4.googleusercontent.com\/-BpjDHLrO5UU\/T6g9DNlbOlI\/AAAAAAAAOr8\/qzXjKZa9dc8\/s1024\/100_1682.JPG\"><img decoding=\"async\" loading=\"lazy\" class=\"alignleft\" title=\"mamoa\" src=\"https:\/\/lh4.googleusercontent.com\/-BpjDHLrO5UU\/T6g9DNlbOlI\/AAAAAAAAOr8\/qzXjKZa9dc8\/s1024\/100_1682.JPG\" alt=\"\" width=\"430\" height=\"323\" \/><\/a>Localizaci\u00f3n<\/h3>\n<p>(<strong><em><a href=\"https:\/\/www.google.es\/maps\/@42.1729917,-8.6846058,63m\/data=!3m1!1e3!4m2!6m1!1s1DrIhJTSB-UwI3gKBBfsXflypfKw?hl=es&amp;authuser=0\" target=\"_blank\">Ver en Google Maps<\/a><\/em><\/strong>)<\/p>\n<p>Esta m\u00e1moa pertence \u00e1 necr\u00f3pole neol\u00edtica denominada As Pedreiras, formada por 4 t\u00famulos, situada no campus universitario As Lagoas\/Marcosende. Nos cat\u00e1logos oficiais do concello de Vigo aparecen, en cambio, baixo a denominaci\u00f3n As Xunqueiras.<\/p>\n<p>A precisi\u00f3n topon\u00edmica da zona sit\u00faa o lugar da Xunqueira ao car\u00f3n da lagoa do campus, nunha cota inferior, e este lugar denom\u00ednase propiamente monte das Pedreiras, denominaci\u00f3n m\u00e1is l\u00f3xica de acordo coa orograf\u00eda e o terreo aos que corresponden..<\/p>\n<p>Das catro m\u00e1moas deste conxunto, \u00e9 a que ocupa o punto m\u00e1is elevado do terreo en suave pendente, aproveitando un pronunciamento do terreo que lle permite unha maior e mellor visibilidade.<\/p>\n<p>En xeral, as catro m\u00e1moas est\u00e1n erixidas en lugares destacados orograficamente, ocupando cotas superiores ou recantos ao bordo de desniveis de terreo, como \u00e9 o caso da que nos ocupa neste artigo.<\/p>\n<h3>Descrici\u00f3n<\/h3>\n<p>Mide 16 m de di\u00e1metro N-S e 18 m no di\u00e1metro L-O. A altura do t\u00famulo chega aos 1,10 m.<\/p>\n<p><a href=\"https:\/\/lh3.googleusercontent.com\/-KD_3bfiZMjg\/T6g9Gqu4kPI\/AAAAAAAAOsM\/84CcHzLTY50\/s1024\/100_1683.JPG\"><img decoding=\"async\" loading=\"lazy\" class=\"alignright\" title=\"mamoa\" src=\"https:\/\/lh3.googleusercontent.com\/-KD_3bfiZMjg\/T6g9Gqu4kPI\/AAAAAAAAOsM\/84CcHzLTY50\/s1024\/100_1683.JPG\" alt=\"\" width=\"430\" height=\"323\" \/><\/a>Cara ao leste, o t\u00famulo aparece rebaixado e no seu interior presenta o caracter\u00edstico cono de espolizaci\u00f3n. Non se aprecia a existencia de chantos no seu interior.<\/p>\n<p>Sobre o t\u00famulo existen varios carballos a\u00ednda pequenos.<\/p>\n<h3>Estado de conservaci\u00f3n<\/h3>\n<p>F\u00f3ra do que son os carballos existentes sobre o t\u00famulo, que deber\u00edan ser sacados agora que a\u00ednda son pequenos, e a espoliaci\u00f3n hist\u00f3rica \u00e1 que foi sometida, a m\u00e1moa non presenta outro tipo de agresi\u00f3ns na actualidade, m\u00e1is que a proximidade dun poste de li\u00f1a el\u00e9ctrica nas s\u00faas inmediaci\u00f3ns.<\/p>\n<h3>Valoraci\u00f3n final<\/h3>\n<p>O conxunto tumular das Xunqueiras pertence a un proxecto de recuperaci\u00f3n e posta en valor do patrimonio cultural de Vigo denominado \u00a0<a href=\"http:\/\/areasetnoarqueoloxicas.vigo.org\/\" target=\"_blank\"><strong><em>\u00c1reas Etnoarqueol\u00f3xicas<\/em><\/strong><\/a>, promovido dende o concello de Vigo no ano 2010.<\/p>\n<p><a href=\"https:\/\/lh3.googleusercontent.com\/-rRgUlqLeAh4\/T6g9Ex8jzGI\/AAAAAAAAOsE\/-FmreiyJGnU\/s1024\/100_1686.JPG\"><img decoding=\"async\" loading=\"lazy\" class=\"alignleft\" title=\"mamoa\" src=\"https:\/\/lh3.googleusercontent.com\/-rRgUlqLeAh4\/T6g9Ex8jzGI\/AAAAAAAAOsE\/-FmreiyJGnU\/s1024\/100_1686.JPG\" alt=\"\" width=\"430\" height=\"323\" \/><\/a>Tam\u00e9n se elaboraron<strong><em><a href=\"http:\/\/areasetnoarqueoloxicas.vigo.org\/zamans#materiais\" target=\"_blank\"> materiais did\u00e1cticos<\/a><\/em><\/strong> que nos facilitan a contextualizaci\u00f3n das rutas propostas para o co\u00f1ecemento do patrimonio pertencente \u00e1 parroquia de Zam\u00e1ns.<\/p>\n<p>Pola s\u00faa banda, a Universidade de Vigo, no ano seguinte, a trav\u00e9s dun proxecto integral dese\u00f1ado pola Vicerreitor\u00eda de Extensi\u00f3n Universitaria, realizou unha prospecci\u00f3n con xeorradar nos t\u00famulos n\u00ba 3 e n\u00ba4 da necr\u00f3pole megal\u00edtica.<\/p>\n<p>Neste proxecto contemplouse acertadamente a posta en valor desta necr\u00f3pole, coa limpeza de toda a contorna e a s\u00faa delimitaci\u00f3n espacial, permitindo un doado acceso \u00e1 contemplaci\u00f3n de todo o conxunto.<\/p>\n<h3>M\u00e1is informaci\u00f3n<\/h3>\n<p><strong><em><a href=\"https:\/\/picasaweb.google.com\/107741656264330036429\/MamoaDasXunqueiras1Zamans#slideshow\/\" target=\"_blank\">Galer\u00eda de imaxes<\/a><\/em><\/strong><\/p>\n<p><a href=\"http:\/\/areasetnoarqueoloxicas.vigo.org\/\" target=\"_blank\">Proxecto de \u00c1reas Etnoarqueol\u00f3xicas<\/a><\/p>\n<p><a href=\"http:\/\/duvi.uvigo.es\/index.php?option=com_content&amp;task=view&amp;id=4759&amp;Itemid=2\" target=\"_blank\">Diario da Universidade de Vigo<\/a><\/p>\n<p><a href=\"http:\/\/duvi.uvigo.es\/index.php?option=com_content&amp;task=view&amp;id=4759&amp;Itemid=2\" target=\"_blank\">Paleorama en Red<\/a><\/p>\n<p><a href=\"http:\/\/www.facebook.com\/photo.php?v=108787845871641\" target=\"_blank\">Arqueo-CUVI <\/a><\/p>\n<h3>Navegadores GPS<\/h3>\n<p>Para chegar ata este petr\u00f3glifo podedes descargar a s\u00faa situaci\u00f3n no voso<a href=\"http:\/\/gl.wikiloc.com\/wikiloc\/view.do?id=2810962\" target=\"_blank\"> <strong>navegador GPS<\/strong><\/a><\/p>\n<p>(Se necesitades converter o arquivo .GPX xen\u00e9rico para o voso navegador concreto, descargade o programa<a href=\"http:\/\/poiedit.com\/downloads.htm\" target=\"_blank\"> PoiEdit<\/a> &gt; Men\u00fa Herramientas&gt;Conversor de paquetes)<\/p>\n<p>\/pa href=\u00bbhttps:\/\/picasaweb.google.com\/107741656264330036429\/MamoaDasXunqueiras1Zamans#slideshow\/\u00bb target=\u00bb_blank\u00bb<\/p>\n","protected":false},"excerpt":{"rendered":"<p>Localizaci\u00f3n (Ver en Google Maps) Esta m\u00e1moa pertence \u00e1 necr\u00f3pole neol\u00edtica denominada As Pedreiras, formada por 4 t\u00famulos, situada no campus universitario As Lagoas\/Marcosende. Nos cat\u00e1logos oficiais do concello de Vigo aparecen, en cambio, baixo a denominaci\u00f3n As Xunqueiras. A precisi\u00f3n topon\u00edmica da zona sit\u00faa o lugar da Xunqueira ao car\u00f3n da lagoa do campus, [&hellip;]<\/p>\n","protected":false},"author":3,"featured_media":0,"comment_status":"closed","ping_status":"closed","sticky":false,"template":"","format":"standard","meta":[],"categories":[48,9,23],"tags":[],"_links":{"self":[{"href":"http:\/\/xosecounhago.com\/index.php?rest_route=\/wp\/v2\/posts\/1393"}],"collection":[{"href":"http:\/\/xosecounhago.com\/index.php?rest_route=\/wp\/v2\/posts"}],"about":[{"href":"http:\/\/xosecounhago.com\/index.php?rest_route=\/wp\/v2\/types\/post"}],"author":[{"embeddable":true,"href":"http:\/\/xosecounhago.com\/index.php?rest_route=\/wp\/v2\/users\/3"}],"replies":[{"embeddable":true,"href":"http:\/\/xosecounhago.com\/index.php?rest_route=%2Fwp%2Fv2%2Fcomments&post=1393"}],"version-history":[{"count":15,"href":"http:\/\/xosecounhago.com\/index.php?rest_route=\/wp\/v2\/posts\/1393\/revisions"}],"predecessor-version":[{"id":2158,"href":"http:\/\/xosecounhago.com\/index.php?rest_route=\/wp\/v2\/posts\/1393\/revisions\/2158"}],"wp:attachment":[{"href":"http:\/\/xosecounhago.com\/index.php?rest_route=%2Fwp%2Fv2%2Fmedia&parent=1393"}],"wp:term":[{"taxonomy":"category","embeddable":true,"href":"http:\/\/xosecounhago.com\/index.php?rest_route=%2Fwp%2Fv2%2Fcategories&post=1393"},{"taxonomy":"post_tag","embeddable":true,"href":"http:\/\/xosecounhago.com\/index.php?rest_route=%2Fwp%2Fv2%2Ftags&post=1393"}],"curies":[{"name":"wp","href":"https:\/\/api.w.org\/{rel}","templated":true}]}}