{"id":129,"date":"2008-08-21T19:55:52","date_gmt":"2008-08-21T19:55:52","guid":{"rendered":"http:\/\/xosecounhago.wordpress.com\/?p=129"},"modified":"2023-02-08T10:31:45","modified_gmt":"2023-02-08T10:31:45","slug":"petroglifo-do-viveiro-ii-coruxo","status":"publish","type":"post","link":"http:\/\/xosecounhago.com\/?p=129","title":{"rendered":"Petr\u00f3glifo do Viveiro II (Coruxo)"},"content":{"rendered":"<p><em><a href=\"http:\/\/xosecounhago.com\/wp-content\/uploads\/2015\/01\/105.jpg\"><img decoding=\"async\" loading=\"lazy\" class=\"alignleft size-full wp-image-1930\" title=\"105\" src=\"http:\/\/xosecounhago.com\/wp-content\/uploads\/2015\/01\/105.jpg\" alt=\"\" width=\"461\" height=\"346\" srcset=\"http:\/\/xosecounhago.com\/wp-content\/uploads\/2015\/01\/105.jpg 960w, http:\/\/xosecounhago.com\/wp-content\/uploads\/2015\/01\/105-300x225.jpg 300w\" sizes=\"(max-width: 461px) 100vw, 461px\" \/><\/a><\/em><strong>Localizaci\u00f3n<\/strong><em><strong><br \/>\n<\/strong><\/em><\/p>\n<p>Do grupo que forman as cinco rochas do Viveiro este \u00e9 o m\u00e1is afastado do conxunto, podemos chegar a el baixando pola pista que vai ao petr\u00f3glifo da Lapa Furada. A rocha atopar\u00e9mola sobresa\u00ednte no bordo da vertente.<\/p>\n<p>(<a href=\"https:\/\/www.google.es\/maps\/@42.1834718,-8.7732573,128m\/data=!3m1!1e3!4m2!6m1!1s1NJ4kC9epfvoJLT0hKsNNhWfr6RDrtO8?hl=es\" target=\"_blank\"><strong><em>Ver en Google Maps<\/em><\/strong><\/a>)<\/p>\n<h3><strong>Descrici\u00f3n<\/strong><\/h3>\n<p>Na rocha apr\u00e9cianse oito covi\u00f1as enriba, a\u00ednda ben vis\u00edbeis, nunha superficie de 1,40 x 0,60 m.<\/p>\n<h3><strong>Estado de conservaci\u00f3n<\/strong><\/h3>\n<p>Onde est\u00e1 situado fixeron unha corta e os eucaliptos comezan a medrar, o que provoca que desde a pista non se mire esta rocha. Por outra parte, un pouco m\u00e1is arriba da rocha deixaron amoreado todos os restos da corta. Cabe sinalar que se este amontoamento de troncos se chega a facer un pouco m\u00e1is abaixo, tapar\u00edan a rocha. Queremos supo\u00f1er que os respons\u00e1beis destas \u00e1rbores co\u00f1ecen a situaci\u00f3n destes xacementos arqueol\u00f3xicos.<\/p>\n<h3><strong><a href=\"http:\/\/xosecounhago.com\/wp-content\/uploads\/2015\/01\/104.jpg\"><img decoding=\"async\" loading=\"lazy\" class=\"alignright size-full wp-image-1929\" title=\"104\" src=\"http:\/\/xosecounhago.com\/wp-content\/uploads\/2015\/01\/104.jpg\" alt=\"\" width=\"461\" height=\"346\" srcset=\"http:\/\/xosecounhago.com\/wp-content\/uploads\/2015\/01\/104.jpg 960w, http:\/\/xosecounhago.com\/wp-content\/uploads\/2015\/01\/104-300x225.jpg 300w\" sizes=\"(max-width: 461px) 100vw, 461px\" \/><\/a>Valoraci\u00f3n final<\/strong><\/h3>\n<p>Ten unhas boas vistas \u00e1 r\u00eda e \u00e1 cidade, que en canto medren as \u00e1rbores desaparecer\u00e1.<\/p>\n<p>Hai que po\u00f1er en evidencia que o d\u00eda que se fixeron estas fotos baixaban por esa pista cami\u00f3ns formigoneiras para unha obra que est\u00e1n facendo m\u00e1is abaixo, nas ultimas casas que hai antes do monte. Salientamos este feito e a s\u00faa gravidade por canto en vez de acceder pola parte inferior \u00e1 obra, os cami\u00f3ns soben ata a capela de San Sebasti\u00e1n, seguen pola pista cara a Oia e logo baixan pola pista que vai a Lapa Furada; a continuaci\u00f3n pasa polo Viveiro V e van dar \u00e1s casas do barrio de Burd\u00e9s.<\/p>\n<p>O caso \u00e9 que, coas fochas da pista, os cami\u00f3ns van deixando regueiros de formig\u00f3n polo cami\u00f1o. Unha cousa que sempre nos chamou a atenci\u00f3n \u00e9 que non importa o afastados das pistas e sendeiros que nos atopemos, incluso estando no m\u00e1is mesto do bosque, sempre atopamos lixo por onde vaiamos: latas de refrescos, bolsas pl\u00e1sticas, botellas, latas de aceites dos que traballan con maquinarias, rodas, colch\u00f3ns restos de electrodom\u00e9sticos etc.<\/p>\n<h3>M\u00e1is informaci\u00f3n<\/h3>\n<p>Concello de Vigo, <a href=\"https:\/\/xmu.vigo.org\/docs\/pxom\/Memorias\/Tomo-VI\/Fichas\/CATALOGO.htm\" target=\"_blank\">Cat\u00e1logo do PXOM<\/a><\/p>\n<p>\u00c1ngel de Prado, <a href=\"https:\/\/petroglifosdomauxo.com\/2010\/08\/10\/o-viveiro-ii\/\" target=\"_blank\"><em>Petr\u00f3glifos do Ma\u00faxo<\/em><\/a><\/p>\n<h3>Navegadores GPS<\/h3>\n<p><a href=\"https:\/\/www.google.es\/maps\/@42.1760802,-8.7815321,2132m\/data=!3m1!1e3!4m2!6m1!1s1NJ4kC9epfvoJLT0hKsNNhWfr6RDrtO8?hl=es\" target=\"_blank\">Ruta do petr\u00f3glifos de Coruxo<\/a><\/p>\n","protected":false},"excerpt":{"rendered":"<p>Localizaci\u00f3n Do grupo que forman as cinco rochas do Viveiro este \u00e9 o m\u00e1is afastado do conxunto, podemos chegar a el baixando pola pista que vai ao petr\u00f3glifo da Lapa Furada. A rocha atopar\u00e9mola sobresa\u00ednte no bordo da vertente. (Ver en Google Maps) Descrici\u00f3n Na rocha apr\u00e9cianse oito covi\u00f1as enriba, a\u00ednda ben vis\u00edbeis, nunha superficie [&hellip;]<\/p>\n","protected":false},"author":3,"featured_media":0,"comment_status":"closed","ping_status":"closed","sticky":false,"template":"","format":"standard","meta":[],"categories":[35,13],"tags":[],"_links":{"self":[{"href":"http:\/\/xosecounhago.com\/index.php?rest_route=\/wp\/v2\/posts\/129"}],"collection":[{"href":"http:\/\/xosecounhago.com\/index.php?rest_route=\/wp\/v2\/posts"}],"about":[{"href":"http:\/\/xosecounhago.com\/index.php?rest_route=\/wp\/v2\/types\/post"}],"author":[{"embeddable":true,"href":"http:\/\/xosecounhago.com\/index.php?rest_route=\/wp\/v2\/users\/3"}],"replies":[{"embeddable":true,"href":"http:\/\/xosecounhago.com\/index.php?rest_route=%2Fwp%2Fv2%2Fcomments&post=129"}],"version-history":[{"count":10,"href":"http:\/\/xosecounhago.com\/index.php?rest_route=\/wp\/v2\/posts\/129\/revisions"}],"predecessor-version":[{"id":2213,"href":"http:\/\/xosecounhago.com\/index.php?rest_route=\/wp\/v2\/posts\/129\/revisions\/2213"}],"wp:attachment":[{"href":"http:\/\/xosecounhago.com\/index.php?rest_route=%2Fwp%2Fv2%2Fmedia&parent=129"}],"wp:term":[{"taxonomy":"category","embeddable":true,"href":"http:\/\/xosecounhago.com\/index.php?rest_route=%2Fwp%2Fv2%2Fcategories&post=129"},{"taxonomy":"post_tag","embeddable":true,"href":"http:\/\/xosecounhago.com\/index.php?rest_route=%2Fwp%2Fv2%2Ftags&post=129"}],"curies":[{"name":"wp","href":"https:\/\/api.w.org\/{rel}","templated":true}]}}