{"id":1121,"date":"2011-02-01T17:10:45","date_gmt":"2011-02-01T17:10:45","guid":{"rendered":"http:\/\/xosecounhago.com\/?p=1121"},"modified":"2015-11-16T09:35:51","modified_gmt":"2015-11-16T09:35:51","slug":"petroglifo-das-millaradas-1-matama","status":"publish","type":"post","link":"http:\/\/xosecounhago.com\/?p=1121","title":{"rendered":"Petr\u00f3glifo das Millaradas 1 (Matam\u00e1)"},"content":{"rendered":"<p><a href=\"http:\/\/lh6.ggpht.com\/_e-UDIhsG_qg\/TP0C7G58sWI\/AAAAAAAALcg\/duVJ7Y0KcfE\/s640\/101_0044.JPG\"><img decoding=\"async\" loading=\"lazy\" class=\"alignleft\" title=\"petro\" src=\"http:\/\/lh6.ggpht.com\/_e-UDIhsG_qg\/TP0C7G58sWI\/AAAAAAAALcg\/duVJ7Y0KcfE\/s640\/101_0044.JPG\" alt=\"\" width=\"404\" height=\"303\" \/><\/a><span style=\"font-size: small;\"><br \/>\n<\/span><\/p>\n<h3><span style=\"font-size: small;\"><span style=\"font-family: Arial;\">Localizaci\u00f3n<\/span><\/span><\/h3>\n<p><span style=\"font-size: small;\"><span style=\"font-family: Arial;\"><a href=\"http:\/\/www.google.es\/maps\/ms?ie=UTF8&amp;hl=es&amp;t=h&amp;msa=0&amp;msid=208535544872203240432.0004469c9d6b6dc27059b&amp;ll=42.190806,-8.737848&amp;spn=0.002027,0.004823&amp;z=18\" target=\"_blank\"><strong>No barrio da Moo, parroquia de Matam\u00e1<\/strong><\/a>, est\u00e1 situado este petr\u00f3glifo vigu\u00e9s, un dos m\u00e1is emblem\u00e1ticos e representativos do noso repertorio rupestre por ser a \u00fanica representaci\u00f3n dun cervo existente no noso concello.<\/span><\/span><\/p>\n<p><span style=\"font-size: small;\"><span style=\"font-family: Arial;\">Hai que dirixirse \u00e1 estrada Baixada da Moo, a car\u00f3n do segundo cinto de circunvalaci\u00f3n de Vigo, no monte que hai detr\u00e1s da \u00fanica casa que se atopa ao lado da ponte que atravesa a autov\u00eda, atoparedes un interesante conxunto de varias rochas ricamente gravadas con diversos motivos rupestres.<\/span><\/span><\/p>\n<p><span style=\"font-size: small;\"><span style=\"font-family: Arial;\">O motivo deste artigo \u00e9 a rocha que cont\u00e9n o denominado \u201ccervo das Millaradas\u201d. De entrada non \u00e9 doado dar con esta figura, xa que hai moita maleza e dependendo de como medre, pode resultar complicado dar con ela, a pesar de que o mato onde se atopa est\u00e1 delimitado.<\/span><\/span><br \/>\n<a href=\"http:\/\/lh4.ggpht.com\/_e-UDIhsG_qg\/TP0AiUd1lwI\/AAAAAAAALxc\/7leSmIhoKis\/s640\/101_0040.JPG\"><img decoding=\"async\" loading=\"lazy\" class=\"alignright\" title=\"petro\" src=\"http:\/\/lh4.ggpht.com\/_e-UDIhsG_qg\/TP0AiUd1lwI\/AAAAAAAALxc\/7leSmIhoKis\/s640\/101_0040.JPG\" alt=\"\" width=\"402\" height=\"301\" \/><\/a><\/p>\n<h3><span style=\"font-size: small;\"><span style=\"font-family: Arial;\">Descrici\u00f3n<\/span><\/span><\/h3>\n<p><span style=\"font-size: small;\"><span style=\"font-family: Arial;\">A rocha na que est\u00e1 gravado mide 5 m x 2,2 m. Ten unha lixeira inclinaci\u00f3n que a fai oscilar entre os 20 cm e os 40 cm de altura.<\/span><\/span><\/p>\n<p><span style=\"font-size: small;\"><span style=\"font-family: Arial;\"><strong>A figura do cervo<\/strong> mide 42 cm de longo e 38 cm de altura.<\/span><\/span><\/p>\n<p><span style=\"font-size: small;\"><span style=\"font-family: Arial;\"><strong>O corpo<\/strong> representa unha fermosa silueta estilizada de c\u00e9rvido, con li\u00f1as que acent\u00faan a actitude de movemento do animal. Apr\u00e9ciase que non \u00e9 unha figura est\u00e1tica: o arqueamento das patas, xunto coa inclinaci\u00f3n que presentan con respecto ao corpo expresan esa actitude de mobilidade.<\/span><\/span><\/p>\n<p><span style=\"font-size: small;\"><span style=\"font-family: Arial;\">A silueta est\u00e1 interrompida nas patas traseiras, xa que non te\u00f1en punto de uni\u00f3n baixo o corpo do cervo. Isto perm\u00edtenos supo\u00f1er que o silueteado comeza e remata en cada unha destas patas.<\/span><\/span><\/p>\n<p><span style=\"font-size: small;\"><span style=\"font-family: Arial;\"><strong>A cabeza<\/strong> cont\u00e9n un trazo interior, tam\u00e9n arqueado, co que buscaron representar a boca do animal. Sobre a cabeza destaca unha espl\u00e9ndida <strong>cornamenta<\/strong>, tam\u00e9n mantendo a li\u00f1a arqueada dos outros trazos do seu corpo, matizando d\u00faas puntas interiores en cada corno. O debuxo redondo do arqueado enfrontado de ambos os cornos fai semellar un c\u00edrculo conc\u00e9ntrico aberto pola parte superior.<\/span><\/span><\/p>\n<p><span style=\"font-size: small;\"><span style=\"font-family: Arial;\"><a href=\"http:\/\/lh3.ggpht.com\/_e-UDIhsG_qg\/TP0AdHuJ_BI\/AAAAAAAALxk\/B4O_Qg0XiPg\/s640\/101_0035.JPG\"><img decoding=\"async\" loading=\"lazy\" class=\"alignleft\" title=\"petro\" src=\"http:\/\/lh3.ggpht.com\/_e-UDIhsG_qg\/TP0AdHuJ_BI\/AAAAAAAALxk\/B4O_Qg0XiPg\/s640\/101_0035.JPG\" alt=\"\" width=\"400\" height=\"300\" \/><\/a>Na parte traseira do animal, o lugar do rabo aparece representado cun c\u00edrculo pechado apegado \u00e1 traseira do animal.. <\/span><\/span><\/p>\n<p><span style=\"font-size: small;\"><span style=\"font-family: Arial;\">Ao redor da figura podemos ver d\u00faas covi\u00f1as: unha entre a cornamenta e o lombo; outra baixo as patas dianteiras.<\/span><\/span><\/p>\n<p><span style=\"font-size: small;\"><span style=\"font-family: Arial;\">Diante do gravado do cervo temos dous <strong>c\u00edrculos conc\u00e9ntricos<\/strong> con covi\u00f1a central: o exterior mide 22 cm de di\u00e1metro e o interior mide 12 cm.<\/span><\/span><\/p>\n<h3><span style=\"font-size: small;\"><span style=\"font-family: Arial;\">Estado de conservaci\u00f3n<\/span><\/span><\/h3>\n<p><span style=\"font-size: small;\"><span style=\"font-family: Arial;\">En repetidas ocasi\u00f3n que visitamos este gravado, aparece \u00e1s veces sobre trazado con pedras ou outros elementos. Este tipo de agresi\u00f3n sabemos que levar\u00e1 en pouco tempo \u00e1 s\u00faa alteraci\u00f3n e posterior desaparici\u00f3n.<\/span><\/span><\/p>\n<p><span style=\"font-size: small;\"><span style=\"font-family: Arial;\">Non hai ning\u00fan tipo de informaci\u00f3n sobre o coidado especial que hai que ter durante a visita destas figuras. \u00c9 necesario insistir no perigoso que resulta para os gravados que se sobretracen con calquera material.<\/span><\/span><\/p>\n<p><span style=\"font-size: small;\"><span style=\"font-family: Arial;\">O perigo de incendio de toda a maleza que arrodea a figura \u00e9 outro dos perigos que o acosan, mais ao mesmo tempo tam\u00e9n o ocultan de visitas pouco respectuosas.<\/span><\/span><br \/>\n<a href=\"http:\/\/lh5.ggpht.com\/_e-UDIhsG_qg\/TP0CM0SYasI\/AAAAAAAALcc\/KsMAsBzsPDo\/s640\/101_0034.JPG\"><img decoding=\"async\" loading=\"lazy\" class=\"alignright\" title=\"petro\" src=\"http:\/\/lh5.ggpht.com\/_e-UDIhsG_qg\/TP0CM0SYasI\/AAAAAAAALcc\/KsMAsBzsPDo\/s640\/101_0034.JPG\" alt=\"\" width=\"400\" height=\"300\" \/><\/a><\/p>\n<h3><span style=\"font-size: small;\"><span style=\"font-family: Arial;\">Valoraci\u00f3n final<\/span><\/span><\/h3>\n<p><span style=\"font-size: small;\"><span style=\"font-family: Arial;\">Canto m\u00e1is oculto est\u00e1 un gravado rupestre, menos perigo de agresi\u00f3ns humanas vai ter (sacado que se trate dun lugar no que se desenvolvan traballos agr\u00edcolas ou forestais). <\/span><\/span><\/p>\n<p><span style=\"font-size: small;\"><span style=\"font-family: Arial;\">Se os expo\u00f1emos \u00e1 vista e visita da xente, o perigo que corren \u00e9 enorme cando se deixan \u00e1 intemperie e libre albedr\u00edo das persoas que se achegan. Se se opta pola s\u00faa exposici\u00f3n, e imprescind\u00edbel que se dispo\u00f1a a m\u00e1xima informaci\u00f3n pos\u00edbel para evitar calquera agresi\u00f3n. Canta m\u00e1is informaci\u00f3n, mellor: debuxos e fotograf\u00edas dos gravados, para que non te\u00f1an que sobretrazalos; informaci\u00f3n contextual da dataci\u00f3n e figuraci\u00f3n representada; delimitaci\u00f3n ben patente do lugar e da rocha; informaci\u00f3n exhaustiva de como comportarse ante un gravado e as precauci\u00f3ns e prohibici\u00f3ns m\u00e1is importantes; concienciaci\u00f3n da necesidade de contribu\u00edr \u00e1 s\u00faa preservaci\u00f3n non pisando, nin sobredebuxando, nin tocando os gravados, etc.<\/span><\/span><\/p>\n<p><span style=\"font-size: small;\"><span style=\"font-family: Arial;\">Apenas se poden contar cos dedos dunha man os gravados rupestres en Vigo que neste momento te\u00f1a <\/span><span style=\"font-family: Arial;\"><em>in situ<\/em><\/span><span style=\"font-family: Arial;\"> este tipo de informaci\u00f3n.<\/span><\/span><\/p>\n<p><span style=\"font-size: small;\"><span style=\"font-family: Arial;\">Non houbo ata agora unha administraci\u00f3n municipal que acometese este labor tan necesario e importante. Un patrimonio tan milenario e misterioso nos seus significados para n\u00f3s estamos deixando que se degrade a unha velocidade como nunca antes existira, tendo m\u00e1is protecci\u00f3n \u201cadministrativa\u201d ca nunca, pero cunha atenci\u00f3n moi insuficiente con respecto ao interese cada vez maior que espertan na sociedade.<\/span><\/span><\/p>\n<h3 lang=\"gl-ES\"><span style=\"font-family: Arial;\"><span style=\"font-size: small;\">M\u00e1is informaci\u00f3n<\/span><\/span><\/h3>\n<p lang=\"gl-ES\"><a href=\"http:\/\/picasaweb.google.com\/xosecounhago\/PetroglifoAsMillaradasMatama?authkey=Gv1sRgCO7_w7S04sisAQ#slideshow\/\" target=\"_blank\"><strong><span style=\"font-family: Arial;\"><span style=\"font-size: small;\">Galer\u00eda de imaxes<\/span><\/span><\/strong><\/a><\/p>\n<p lang=\"gl-ES\"><span style=\"font-family: Arial;\"><span style=\"font-size: small;\">Ficha do <em><a href=\"http:\/\/hoxe.vigo.org\/urbanismo\/pxom\/\"><span style=\"color: #ff6600;\">cat\u00e1logo do PXOM<\/span><\/a><\/em> de Vigo (Tomo VI, fichas do cat\u00e1logo) <\/span><\/span><\/p>\n<h3 lang=\"gl-ES\"><span style=\"font-family: Arial;\"><span style=\"font-size: small;\">Navegadores GPS<\/span><\/span><\/h3>\n<p><span style=\"font-family: Arial;\"><span style=\"font-size: small;\">Podedes introducir o lugar onde est\u00e1 no voso<\/span><\/span><strong><a href=\"http:\/\/gl.wikiloc.com\/wikiloc\/view.do?id=1444273\" target=\"_blank\"><span style=\"font-family: Arial;\"><span style=\"font-size: small;\"> navegador GPS<\/span><\/span><\/a><\/strong><span style=\"font-family: Arial;\"><span style=\"font-size: small;\">.<\/span><\/span><\/p>\n<p><span style=\"font-family: Arial,sans-serif;\"><span style=\"font-size: x-small;\">(Se necesitades converter o arquivo .GPX xen\u00e9rico para o voso navegador concreto, descargade o programa <\/span><\/span><strong><a href=\"http:\/\/poiedit.com\/downloads.htm\"><span style=\"font-family: Arial,sans-serif;\"><span style=\"font-size: x-small;\">PoiEdit<\/span><\/span><\/a><\/strong><span style=\"font-family: Arial,sans-serif;\"> <\/span><span style=\"font-family: Arial,sans-serif;\"><span style=\"font-size: x-small;\">&gt; Men\u00fa Herramientas&gt;Conversor de paquetes)<\/span><\/span><\/p>\n<h3><span style=\"font-family: Arial;\"><span style=\"font-size: small;\">V\u00eddeo do Cervo da Millaradas<\/span><\/span><\/h3>\n<p><object classid=\"clsid:d27cdb6e-ae6d-11cf-96b8-444553540000\" width=\"640\" height=\"385\" codebase=\"http:\/\/download.macromedia.com\/pub\/shockwave\/cabs\/flash\/swflash.cab#version=6,0,40,0\"><param name=\"allowFullScreen\" value=\"true\" \/><param name=\"allowscriptaccess\" value=\"always\" \/><param name=\"src\" value=\"http:\/\/www.youtube.com\/v\/9E0BpRLwSiw?fs=1&amp;hl=en_US\" \/><param name=\"allowfullscreen\" value=\"true\" \/><embed type=\"application\/x-shockwave-flash\" width=\"640\" height=\"385\" src=\"http:\/\/www.youtube.com\/v\/9E0BpRLwSiw?fs=1&amp;hl=en_US\" allowscriptaccess=\"always\" allowfullscreen=\"true\"><\/embed><\/object><\/p>\n","protected":false},"excerpt":{"rendered":"<p>Localizaci\u00f3n No barrio da Moo, parroquia de Matam\u00e1, est\u00e1 situado este petr\u00f3glifo vigu\u00e9s, un dos m\u00e1is emblem\u00e1ticos e representativos do noso repertorio rupestre por ser a \u00fanica representaci\u00f3n dun cervo existente no noso concello. Hai que dirixirse \u00e1 estrada Baixada da Moo, a car\u00f3n do segundo cinto de circunvalaci\u00f3n de Vigo, no monte que hai [&hellip;]<\/p>\n","protected":false},"author":3,"featured_media":0,"comment_status":"closed","ping_status":"closed","sticky":false,"template":"","format":"standard","meta":[],"categories":[46,13],"tags":[],"_links":{"self":[{"href":"http:\/\/xosecounhago.com\/index.php?rest_route=\/wp\/v2\/posts\/1121"}],"collection":[{"href":"http:\/\/xosecounhago.com\/index.php?rest_route=\/wp\/v2\/posts"}],"about":[{"href":"http:\/\/xosecounhago.com\/index.php?rest_route=\/wp\/v2\/types\/post"}],"author":[{"embeddable":true,"href":"http:\/\/xosecounhago.com\/index.php?rest_route=\/wp\/v2\/users\/3"}],"replies":[{"embeddable":true,"href":"http:\/\/xosecounhago.com\/index.php?rest_route=%2Fwp%2Fv2%2Fcomments&post=1121"}],"version-history":[{"count":12,"href":"http:\/\/xosecounhago.com\/index.php?rest_route=\/wp\/v2\/posts\/1121\/revisions"}],"predecessor-version":[{"id":1989,"href":"http:\/\/xosecounhago.com\/index.php?rest_route=\/wp\/v2\/posts\/1121\/revisions\/1989"}],"wp:attachment":[{"href":"http:\/\/xosecounhago.com\/index.php?rest_route=%2Fwp%2Fv2%2Fmedia&parent=1121"}],"wp:term":[{"taxonomy":"category","embeddable":true,"href":"http:\/\/xosecounhago.com\/index.php?rest_route=%2Fwp%2Fv2%2Fcategories&post=1121"},{"taxonomy":"post_tag","embeddable":true,"href":"http:\/\/xosecounhago.com\/index.php?rest_route=%2Fwp%2Fv2%2Ftags&post=1121"}],"curies":[{"name":"wp","href":"https:\/\/api.w.org\/{rel}","templated":true}]}}